                       {"id":10070,"date":"2019-09-07T13:10:21","date_gmt":"2019-09-07T18:10:21","guid":{"rendered":"http:\/\/laultimapalabra.info\/?p=10070"},"modified":"2024-12-11T08:56:14","modified_gmt":"2024-12-11T14:56:14","slug":"atacan-a-balazos-a-un-joven-en-la-colonia-carlos-salinas-de-gortari","status":"publish","type":"post","link":"https:\/\/laultimapalabra.com.mx\/portal\/atacan-a-balazos-a-un-joven-en-la-colonia-carlos-salinas-de-gortari\/","title":{"rendered":"Atacan a balazos a un joven en la colonia Carlos Salinas de Gortari"},"content":{"rendered":"<p style=\"text-align: justify;\"><img loading=\"lazy\" decoding=\"async\" class=\"size-medium wp-image-10071 alignleft\" src=\"https:\/\/laultimapalabra.com.mx\/portal\/wp-content\/uploads\/2019\/09\/69685288_2564748010236726_4930477273028493312_n-300x206.jpg\" alt=\"\" width=\"300\" height=\"206\" \/>CADEREYTA.- Un joven fue atacado a balazos cuando caminaba en compa\u00f1\u00eda de algunos amigos en la colonia Carlos Salinas de Gortari.<br \/>\nEl ataque fue reportado esta madrugada en el citado sector del municipio de Cadereyta.<br \/>\nSe inform\u00f3 que el lesionado identificado como Jes\u00fas Leonardo de 29 a\u00f1os fue trasladado hacia un hospital de la localidad, ya que presentaba lesiones en un hombro.<br \/>\nHasta el momento las autoridades no han logrado ubicar al agresor.<br \/>\nFuente: Multimedios<\/p>\n","protected":false},"excerpt":{"rendered":"<p>CADEREYTA.- Un joven fue atacado a balazos cuando caminaba en compa\u00f1\u00eda de algunos amigos en la colonia Carlos Salinas de Gortari. El ataque fue reportado esta madrugada en el citado sector del municipio de Cadereyta. Se inform\u00f3 que el lesionado identificado como Jes\u00fas Leonardo de 29 a\u00f1os fue trasladado hacia un hospital de la localidad, [&hellip;]<\/p>\n","protected":false},"author":9,"featured_media":10071,"comment_status":"open","ping_status":"closed","sticky":false,"template":"","format":"standard","meta":{"footnotes":""},"categories":[17,8,9],"tags":[926],"class_list":["post-10070","post","type-post","status-publish","format-standard","has-post-thumbnail","hentry","category-locales-cadereyta","category-seguridad","category-seguridad-cadereyta","tag-ejecutados-cadereyta"],"_links":{"self":[{"href":"https:\/\/laultimapalabra.com.mx\/portal\/wp-json\/wp\/v2\/posts\/10070","targetHints":{"allow":["GET"]}}],"collection":[{"href":"https:\/\/laultimapalabra.com.mx\/portal\/wp-json\/wp\/v2\/posts"}],"about":[{"href":"https:\/\/laultimapalabra.com.mx\/portal\/wp-json\/wp\/v2\/types\/post"}],"author":[{"embeddable":true,"href":"https:\/\/laultimapalabra.com.mx\/portal\/wp-json\/wp\/v2\/users\/9"}],"replies":[{"embeddable":true,"href":"https:\/\/laultimapalabra.com.mx\/portal\/wp-json\/wp\/v2\/comments?post=10070"}],"version-history":[{"count":1,"href":"https:\/\/laultimapalabra.com.mx\/portal\/wp-json\/wp\/v2\/posts\/10070\/revisions"}],"predecessor-version":[{"id":68345,"href":"https:\/\/laultimapalabra.com.mx\/portal\/wp-json\/wp\/v2\/posts\/10070\/revisions\/68345"}],"wp:featuredmedia":[{"embeddable":true,"href":"https:\/\/laultimapalabra.com.mx\/portal\/wp-json\/"}],"wp:attachment":[{"href":"https:\/\/laultimapalabra.com.mx\/portal\/wp-json\/wp\/v2\/media?parent=10070"}],"wp:term":[{"taxonomy":"category","embeddable":true,"href":"https:\/\/laultimapalabra.com.mx\/portal\/wp-json\/wp\/v2\/categories?post=10070"},{"taxonomy":"post_tag","embeddable":true,"href":"https:\/\/laultimapalabra.com.mx\/portal\/wp-json\/wp\/v2\/tags?post=10070"}],"curies":[{"name":"wp","href":"https:\/\/api.w.org\/{rel}","templated":true}]}}