                       {"id":100710,"date":"2025-03-19T15:23:07","date_gmt":"2025-03-19T21:23:07","guid":{"rendered":"https:\/\/laultimapalabra.com.mx\/portal\/?p=100710"},"modified":"2025-03-19T15:23:07","modified_gmt":"2025-03-19T21:23:07","slug":"celebran-abuelitos-jimenenses-el-dia-del-artesano","status":"publish","type":"post","link":"https:\/\/laultimapalabra.com.mx\/portal\/celebran-abuelitos-jimenenses-el-dia-del-artesano\/","title":{"rendered":"Celebran abuelitos jimenenses el D\u00eda del Artesano"},"content":{"rendered":"<p>&nbsp;<\/p>\n<p>Cadereyta Jim\u00e9nez, N.L.- En conmemoraci\u00f3n del D\u00eda del Artesano, la Casa del Adulto Mayor de Cadereyta organiz\u00f3 un taller de bisuter\u00eda en colaboraci\u00f3n con el Departamento de Trabajo Social del IMSS.<br \/>\nDurante la ma\u00f1ana, las participantes, adultas mayores, demostraron su creatividad y talento al crear accesorios, disfrutando de un espacio de convivencia y aprendizaje.<\/p>\n<p><img loading=\"lazy\" decoding=\"async\" class=\"alignnone wp-image-100702 size-large\" src=\"https:\/\/laultimapalabra.com.mx\/portal\/wp-content\/uploads\/2025\/03\/WhatsApp-Image-2025-03-19-at-2.22.02-PM-1024x683.jpeg\" alt=\"\" width=\"740\" height=\"494\" srcset=\"https:\/\/laultimapalabra.com.mx\/portal\/wp-content\/uploads\/2025\/03\/WhatsApp-Image-2025-03-19-at-2.22.02-PM-1024x683.jpeg 1024w, https:\/\/laultimapalabra.com.mx\/portal\/wp-content\/uploads\/2025\/03\/WhatsApp-Image-2025-03-19-at-2.22.02-PM-300x200.jpeg 300w, https:\/\/laultimapalabra.com.mx\/portal\/wp-content\/uploads\/2025\/03\/WhatsApp-Image-2025-03-19-at-2.22.02-PM-768x512.jpeg 768w, https:\/\/laultimapalabra.com.mx\/portal\/wp-content\/uploads\/2025\/03\/WhatsApp-Image-2025-03-19-at-2.22.02-PM.jpeg 1440w\" sizes=\"auto, (max-width: 740px) 100vw, 740px\" \/> <img loading=\"lazy\" decoding=\"async\" class=\"alignnone wp-image-100701 size-large\" src=\"https:\/\/laultimapalabra.com.mx\/portal\/wp-content\/uploads\/2025\/03\/WhatsApp-Image-2025-03-19-at-2.22.02-PM-1-1024x683.jpeg\" alt=\"\" width=\"740\" height=\"494\" srcset=\"https:\/\/laultimapalabra.com.mx\/portal\/wp-content\/uploads\/2025\/03\/WhatsApp-Image-2025-03-19-at-2.22.02-PM-1-1024x683.jpeg 1024w, https:\/\/laultimapalabra.com.mx\/portal\/wp-content\/uploads\/2025\/03\/WhatsApp-Image-2025-03-19-at-2.22.02-PM-1-300x200.jpeg 300w, https:\/\/laultimapalabra.com.mx\/portal\/wp-content\/uploads\/2025\/03\/WhatsApp-Image-2025-03-19-at-2.22.02-PM-1-768x512.jpeg 768w, https:\/\/laultimapalabra.com.mx\/portal\/wp-content\/uploads\/2025\/03\/WhatsApp-Image-2025-03-19-at-2.22.02-PM-1.jpeg 1440w\" sizes=\"auto, (max-width: 740px) 100vw, 740px\" \/> <img loading=\"lazy\" decoding=\"async\" class=\"alignnone wp-image-100698 size-large\" src=\"https:\/\/laultimapalabra.com.mx\/portal\/wp-content\/uploads\/2025\/03\/WhatsApp-Image-2025-03-19-at-2.22.02-PM-4-1024x683.jpeg\" alt=\"\" width=\"740\" height=\"494\" srcset=\"https:\/\/laultimapalabra.com.mx\/portal\/wp-content\/uploads\/2025\/03\/WhatsApp-Image-2025-03-19-at-2.22.02-PM-4-1024x683.jpeg 1024w, https:\/\/laultimapalabra.com.mx\/portal\/wp-content\/uploads\/2025\/03\/WhatsApp-Image-2025-03-19-at-2.22.02-PM-4-300x200.jpeg 300w, https:\/\/laultimapalabra.com.mx\/portal\/wp-content\/uploads\/2025\/03\/WhatsApp-Image-2025-03-19-at-2.22.02-PM-4-768x512.jpeg 768w, https:\/\/laultimapalabra.com.mx\/portal\/wp-content\/uploads\/2025\/03\/WhatsApp-Image-2025-03-19-at-2.22.02-PM-4.jpeg 1440w\" sizes=\"auto, (max-width: 740px) 100vw, 740px\" \/> <img loading=\"lazy\" decoding=\"async\" class=\"alignnone wp-image-100699 size-large\" src=\"https:\/\/laultimapalabra.com.mx\/portal\/wp-content\/uploads\/2025\/03\/WhatsApp-Image-2025-03-19-at-2.22.02-PM-3-1024x683.jpeg\" alt=\"\" width=\"740\" height=\"494\" srcset=\"https:\/\/laultimapalabra.com.mx\/portal\/wp-content\/uploads\/2025\/03\/WhatsApp-Image-2025-03-19-at-2.22.02-PM-3-1024x683.jpeg 1024w, https:\/\/laultimapalabra.com.mx\/portal\/wp-content\/uploads\/2025\/03\/WhatsApp-Image-2025-03-19-at-2.22.02-PM-3-300x200.jpeg 300w, https:\/\/laultimapalabra.com.mx\/portal\/wp-content\/uploads\/2025\/03\/WhatsApp-Image-2025-03-19-at-2.22.02-PM-3-768x512.jpeg 768w, https:\/\/laultimapalabra.com.mx\/portal\/wp-content\/uploads\/2025\/03\/WhatsApp-Image-2025-03-19-at-2.22.02-PM-3.jpeg 1440w\" sizes=\"auto, (max-width: 740px) 100vw, 740px\" \/> <img loading=\"lazy\" decoding=\"async\" class=\"alignnone wp-image-100697 size-large\" src=\"https:\/\/laultimapalabra.com.mx\/portal\/wp-content\/uploads\/2025\/03\/WhatsApp-Image-2025-03-19-at-2.22.02-PM-5-1024x683.jpeg\" alt=\"\" width=\"740\" height=\"494\" srcset=\"https:\/\/laultimapalabra.com.mx\/portal\/wp-content\/uploads\/2025\/03\/WhatsApp-Image-2025-03-19-at-2.22.02-PM-5-1024x683.jpeg 1024w, https:\/\/laultimapalabra.com.mx\/portal\/wp-content\/uploads\/2025\/03\/WhatsApp-Image-2025-03-19-at-2.22.02-PM-5-300x200.jpeg 300w, https:\/\/laultimapalabra.com.mx\/portal\/wp-content\/uploads\/2025\/03\/WhatsApp-Image-2025-03-19-at-2.22.02-PM-5-768x512.jpeg 768w, https:\/\/laultimapalabra.com.mx\/portal\/wp-content\/uploads\/2025\/03\/WhatsApp-Image-2025-03-19-at-2.22.02-PM-5.jpeg 1440w\" sizes=\"auto, (max-width: 740px) 100vw, 740px\" \/><br \/>\nEl objetivo del taller fue fomentar el desarrollo de habilidades manuales y resaltar la importancia de preservar y valorar el trabajo artesanal.<br \/>\nEsta iniciativa es parte de las actividades del DIF Cadereyta, que busca promover el bienestar y la inclusi\u00f3n de los adultos mayores en la comunidad.<\/p>\n","protected":false},"excerpt":{"rendered":"<p>&nbsp; Cadereyta Jim\u00e9nez, N.L.- En conmemoraci\u00f3n del D\u00eda del Artesano, la Casa del Adulto Mayor de Cadereyta organiz\u00f3 un taller de bisuter\u00eda en colaboraci\u00f3n con el Departamento de Trabajo Social del IMSS. Durante la ma\u00f1ana, las participantes, adultas mayores, demostraron su creatividad y talento al crear accesorios, disfrutando de un espacio de convivencia y aprendizaje. [&hellip;]<\/p>\n","protected":false},"author":14,"featured_media":100700,"comment_status":"closed","ping_status":"closed","sticky":false,"template":"","format":"standard","meta":{"footnotes":""},"categories":[17],"tags":[12966,12967,850],"class_list":["post-100710","post","type-post","status-publish","format-standard","has-post-thumbnail","hentry","category-locales-cadereyta","tag-casa-del-adulto-mayor-de-cadereyta","tag-dia-del-artesano","tag-dif-cadereyta"],"_links":{"self":[{"href":"https:\/\/laultimapalabra.com.mx\/portal\/wp-json\/wp\/v2\/posts\/100710","targetHints":{"allow":["GET"]}}],"collection":[{"href":"https:\/\/laultimapalabra.com.mx\/portal\/wp-json\/wp\/v2\/posts"}],"about":[{"href":"https:\/\/laultimapalabra.com.mx\/portal\/wp-json\/wp\/v2\/types\/post"}],"author":[{"embeddable":true,"href":"https:\/\/laultimapalabra.com.mx\/portal\/wp-json\/wp\/v2\/users\/14"}],"replies":[{"embeddable":true,"href":"https:\/\/laultimapalabra.com.mx\/portal\/wp-json\/wp\/v2\/comments?post=100710"}],"version-history":[{"count":1,"href":"https:\/\/laultimapalabra.com.mx\/portal\/wp-json\/wp\/v2\/posts\/100710\/revisions"}],"predecessor-version":[{"id":100711,"href":"https:\/\/laultimapalabra.com.mx\/portal\/wp-json\/wp\/v2\/posts\/100710\/revisions\/100711"}],"wp:featuredmedia":[{"embeddable":true,"href":"https:\/\/laultimapalabra.com.mx\/portal\/wp-json\/wp\/v2\/media\/100700"}],"wp:attachment":[{"href":"https:\/\/laultimapalabra.com.mx\/portal\/wp-json\/wp\/v2\/media?parent=100710"}],"wp:term":[{"taxonomy":"category","embeddable":true,"href":"https:\/\/laultimapalabra.com.mx\/portal\/wp-json\/wp\/v2\/categories?post=100710"},{"taxonomy":"post_tag","embeddable":true,"href":"https:\/\/laultimapalabra.com.mx\/portal\/wp-json\/wp\/v2\/tags?post=100710"}],"curies":[{"name":"wp","href":"https:\/\/api.w.org\/{rel}","templated":true}]}}