                       {"id":10126,"date":"2019-09-12T23:31:58","date_gmt":"2019-09-13T04:31:58","guid":{"rendered":"http:\/\/laultimapalabra.info\/?p=10126"},"modified":"2024-12-11T08:56:15","modified_gmt":"2024-12-11T14:56:15","slug":"la-guarida-del-mapache-79","status":"publish","type":"post","link":"https:\/\/laultimapalabra.com.mx\/portal\/la-guarida-del-mapache-79\/","title":{"rendered":"La Guarida del Mapache"},"content":{"rendered":"<p><img loading=\"lazy\" decoding=\"async\" class=\"size-medium wp-image-155 alignleft\" src=\"https:\/\/laultimapalabra.com.mx\/portal\/wp-content\/uploads\/2018\/02\/mapache-300x282.jpeg\" alt=\"\" width=\"300\" height=\"282\" \/>Por: El Mapache<\/p>\n<p style=\"text-align: justify;\">\u00bfC\u00f3mo les fue de lluvia raza? Jejeje la verdad es que ahora si nos dejaron \u201cvestidos\u201d y muy alborotados esperando quesque lluvias el mi\u00e9rcoles y jueves que nom\u00e1s no llegaron, en fin, lo bueno es que hay salud como dicen los abuelitos, as\u00ed que mejor sigamos para ver qu\u00e9 hay de novedades esta semanuca.<br \/>\nCOLORIDO<br \/>\nY pues este dia raza ser\u00e1 muy colorido con el desfile adelantado que tendremos en la ciudad por aquello del 16 de septiembre compis, y aunque es algo inusual pues la neta es que los chiquitines son quienes m\u00e1s lo disfrutan por aquello de disfrazarse y no ir a clases jejeje.<br \/>\nPARTICIPACION<br \/>\nY aunque no es una participaci\u00f3n muy grande por parte de las escuelas del municipio como ocurre en el desfile del 20 de Noviembre, pues esto m\u00e1s que nada es por aquello de que ya casi todos los profes de las escuelas pues ni viven aqu\u00ed compis, ya se la saben nomas buscan que la pensi\u00f3n les quede como el precio de la gas jejeje cada vez m\u00e1s \u201carriba\u201d.<br \/>\nTRADICION<br \/>\nLo que si hay que aplaudir indudablemente compis, pues es que la administration siga tratando de conservar las tradiciones, una de ellas que como todos sabemos ya se hab\u00eda perdido durante un par de a\u00f1os atr\u00e1s, precisamente por lo que les cotorreo de que no hay mucha participaci\u00f3n que digamos.<br \/>\nVIVOS<br \/>\nLo bueno, es que el desfile tuvo puntos de resguardo por los compis de servicios de emergencia, quienes a las \u00faltimas fechas han estado muy vivos participando en \u201ctocho morocho\u201d raza, pero eso si, siempre dando su mejor esfuerzo, pa\u00b4 que lo negamos.<br \/>\nLUCES<br \/>\nY el que esta semanuca anduvo como pez en el agua, fue el Cuate Rdz, quien anduvo por encomienda del \u201cBigotes\u201d Quintanilla all\u00e1 por Soledad Herreras, ya saben que aquella raza con una miada de p\u00e1jaro ya se quedan incomunicados jejej entonces pues con lo que aconteci\u00f3 la semanuca pasada pues fueron a llevarles apoyo, y aquel ni tarde ni perezoso se fue a su mero mole que es el andar entre la raza, lo cual parece demostrar que el \u201cBigotes\u201d Quintanilla ya le est\u00e1 teniendo m\u00e1s aprecio y confianza jejeje.<br \/>\nSIN NOVEDAD<br \/>\nMientras tanto compis, pues en el plano de seguridad de nuestro muni como dice la canci\u00f3n, todo sigue igual, los de \u201cjuerza civil\u201d ah\u00ed andan con los rondines y pues los elementos ya sea en vigilancia o en cursitos pero tambi\u00e9n ah\u00ed contin\u00faan, lo que no se ve es para cu\u00e1ndo se decida si se quedan, se van o qu\u00e9; lo cierto es que a\u00fan sigue en duda el regreso del \u201cGama1000\u201d.<br \/>\nPARQUIMETROS<br \/>\nY como recordaran raza, el cabildo del muni junto con el \u201cBigotes\u201d Quintanilla andaban viendo eso de poner parqu\u00edmetros al menos en el primer cuadro de la ciudad, pero para eso ocupaban consulta ciudadana y toda la cosa, porque no nada ma es de ponerlos porque a ellos se les \u201chincha\u201d y ya jejeje sino que tiene que ser algo que tome en cuenta a la raza.<br \/>\nORDENAMIENTO<br \/>\nY esto porque debemos ser francos y aceptar que aquello de la estacionada esta en chino en la plaza principal de nuestro querido C\u00e1diz y que esto a lo mejor ayudar\u00eda a no batallar tanto en ese aspecto, adem\u00e1s de que lo vial estar\u00eda mas ordenado compis.<br \/>\nRESULTADOS<br \/>\nPero bueno, aqu\u00ed lo importante es que la raza a pesar de que esto significar\u00eda un cobro lo est\u00e1 viendo como un seguro de que los compis que se estacionen en el primer cuadro de la ciudad, lo har\u00e1n solamente por el tiempo necesario, no como ahorita que dejan sus veh\u00edculos horas enteras; y le han dado el aval para que la instalaci\u00f3n de los aparatos estos se haga, aprob\u00e1ndolos con un casi 80% mientras el 20% restante dijo que niguas, que no quieren pagar nada de m\u00e1s, as\u00ed que por lo que se ve \u201chabemus\u201d parqu\u00edmetros en puerta compis.<br \/>\nTAXIS<br \/>\nAunque la raza la neta aparte de opinar sobre los aparatejos estos, dijo que habr\u00eda que reducir el n\u00famero de cajones que mis compis taxistas tienen asignados jejeje que por que se les hacen muchos e innecesarios.<br \/>\nPRECURSORES<br \/>\nOigan raza y cambiando de tema dr\u00e1sticamente, d\u00e9jenme les digo que ahora que Marcos \u201cel pollo\u201d Gzz se fue a MORENA, y que hubo varios cambios similares, vino a mi mente que cuando el \u201cGordisemaforo\u201d se anduvo cambiando junto con el \u201cYayin\u201d Garc\u00eda, tooodos dijeron que si \u201cchapulines\u201d y que no s\u00e9 qu\u00e9 m\u00e1s jejeje pero nooooo compis, ellos no eran \u201cchapulines\u201d, ellos lo que fueron son precursores de un movimiento polaco que ser\u00eda muy utilizado este 2019 jejejeje.<br \/>\nANTICORRUPTOS<br \/>\nY hablando de Morena compis, la que se puso \u201cfilosa\u201d fue la rugi Clau quesque quiere que se comiencen a mover para crear un reglamento anticorrupci\u00f3n para los servidores p\u00fablicos, cosa que de aplicarse estar\u00eda muy buena, pero pues ustedes ya saben que yo en eso de la polaca confiado, confiado, confiadooo no soy. No vaya a ser que el despavileo de la rugi nomas se deba a que hay miembros del partido que no saben siquiera de su existencia en Cadereyta jejejeje.<br \/>\nGRITO<br \/>\nY pues bueno raza, yo cre\u00ed que el \u201cBigotes\u201d Quintanilla se iba a traer de nuevo a Pesado jejeje pero como no es campa\u00f1a, jejeje ya ven que siempre anda llorando la falta de morlacos, y que no hay para nadita, nada; entonces nos tendremos que conformar con Impacto de Montemorelos compis, ni hablar\u2026La vemos.<\/p>\n","protected":false},"excerpt":{"rendered":"<p>Por: El Mapache \u00bfC\u00f3mo les fue de lluvia raza? Jejeje la verdad es que ahora si nos dejaron \u201cvestidos\u201d y muy alborotados esperando quesque lluvias el mi\u00e9rcoles y jueves que nom\u00e1s no llegaron, en fin, lo bueno es que hay salud como dicen los abuelitos, as\u00ed que mejor sigamos para ver qu\u00e9 hay de novedades [&hellip;]<\/p>\n","protected":false},"author":9,"featured_media":155,"comment_status":"open","ping_status":"closed","sticky":false,"template":"","format":"standard","meta":{"footnotes":""},"categories":[1],"tags":[940],"class_list":["post-10126","post","type-post","status-publish","format-standard","has-post-thumbnail","hentry","category-noticias","tag-el-mapache-la-guarida-del-mapache"],"_links":{"self":[{"href":"https:\/\/laultimapalabra.com.mx\/portal\/wp-json\/wp\/v2\/posts\/10126","targetHints":{"allow":["GET"]}}],"collection":[{"href":"https:\/\/laultimapalabra.com.mx\/portal\/wp-json\/wp\/v2\/posts"}],"about":[{"href":"https:\/\/laultimapalabra.com.mx\/portal\/wp-json\/wp\/v2\/types\/post"}],"author":[{"embeddable":true,"href":"https:\/\/laultimapalabra.com.mx\/portal\/wp-json\/wp\/v2\/users\/9"}],"replies":[{"embeddable":true,"href":"https:\/\/laultimapalabra.com.mx\/portal\/wp-json\/wp\/v2\/comments?post=10126"}],"version-history":[{"count":1,"href":"https:\/\/laultimapalabra.com.mx\/portal\/wp-json\/wp\/v2\/posts\/10126\/revisions"}],"predecessor-version":[{"id":68377,"href":"https:\/\/laultimapalabra.com.mx\/portal\/wp-json\/wp\/v2\/posts\/10126\/revisions\/68377"}],"wp:featuredmedia":[{"embeddable":true,"href":"https:\/\/laultimapalabra.com.mx\/portal\/wp-json\/"}],"wp:attachment":[{"href":"https:\/\/laultimapalabra.com.mx\/portal\/wp-json\/wp\/v2\/media?parent=10126"}],"wp:term":[{"taxonomy":"category","embeddable":true,"href":"https:\/\/laultimapalabra.com.mx\/portal\/wp-json\/wp\/v2\/categories?post=10126"},{"taxonomy":"post_tag","embeddable":true,"href":"https:\/\/laultimapalabra.com.mx\/portal\/wp-json\/wp\/v2\/tags?post=10126"}],"curies":[{"name":"wp","href":"https:\/\/api.w.org\/{rel}","templated":true}]}}