                       {"id":101314,"date":"2025-03-30T14:36:54","date_gmt":"2025-03-30T20:36:54","guid":{"rendered":"https:\/\/laultimapalabra.com.mx\/portal\/?p=101314"},"modified":"2025-03-30T14:36:54","modified_gmt":"2025-03-30T20:36:54","slug":"lo-arrest4n-por-danos-a-tienda","status":"publish","type":"post","link":"https:\/\/laultimapalabra.com.mx\/portal\/lo-arrest4n-por-danos-a-tienda\/","title":{"rendered":"Lo arrest4n por da\u00f1os a tienda"},"content":{"rendered":"<p>&nbsp;<\/p>\n<p>Ju\u00e1rez, N.L. \u2013 Gracias a la pronta respuesta de los elementos de la Secretar\u00eda de Seguridad y Protecci\u00f3n Ciudadana de Ju\u00e1rez, se logr\u00f3 la detenci\u00f3n de Raymundo &#8220;N&#8221;, de 26 a\u00f1os, por su presunta responsabilidad en el delito de da\u00f1o en propiedad ajena, en la colonia Mirador de San Antonio.<br \/>\nLos hechos ocurrieron cuando la v\u00edctima, quien se encontraba trabajando como cajera en la tienda ubicada en la calle Elizama, report\u00f3 al C4 un incidente en el que el ahora detenido, tras realizar amenazas, intent\u00f3 salir del establecimiento de manera violenta.<br \/>\nEn su intento por escapar, caus\u00f3 da\u00f1os en la puerta del local, lo que llev\u00f3 a los testigos a someterlo hasta la llegada de la polic\u00eda.<br \/>\nLos oficiales respondieron inmediatamente al reporte y, al llegar al lugar, ante los hechos y la acusaci\u00f3n, procedieron con la detenci\u00f3n del sujeto, quien fue puesto a disposici\u00f3n del Ministerio\u00a0P\u00fablico.<\/p>\n","protected":false},"excerpt":{"rendered":"<p>&nbsp; Ju\u00e1rez, N.L. \u2013 Gracias a la pronta respuesta de los elementos de la Secretar\u00eda de Seguridad y Protecci\u00f3n Ciudadana de Ju\u00e1rez, se logr\u00f3 la detenci\u00f3n de Raymundo &#8220;N&#8221;, de 26 a\u00f1os, por su presunta responsabilidad en el delito de da\u00f1o en propiedad ajena, en la colonia Mirador de San Antonio. Los hechos ocurrieron cuando [&hellip;]<\/p>\n","protected":false},"author":14,"featured_media":101315,"comment_status":"closed","ping_status":"closed","sticky":false,"template":"","format":"standard","meta":{"footnotes":""},"categories":[1],"tags":[3903],"class_list":["post-101314","post","type-post","status-publish","format-standard","has-post-thumbnail","hentry","category-noticias","tag-colonia-mirador-de-san-antonio"],"_links":{"self":[{"href":"https:\/\/laultimapalabra.com.mx\/portal\/wp-json\/wp\/v2\/posts\/101314","targetHints":{"allow":["GET"]}}],"collection":[{"href":"https:\/\/laultimapalabra.com.mx\/portal\/wp-json\/wp\/v2\/posts"}],"about":[{"href":"https:\/\/laultimapalabra.com.mx\/portal\/wp-json\/wp\/v2\/types\/post"}],"author":[{"embeddable":true,"href":"https:\/\/laultimapalabra.com.mx\/portal\/wp-json\/wp\/v2\/users\/14"}],"replies":[{"embeddable":true,"href":"https:\/\/laultimapalabra.com.mx\/portal\/wp-json\/wp\/v2\/comments?post=101314"}],"version-history":[{"count":1,"href":"https:\/\/laultimapalabra.com.mx\/portal\/wp-json\/wp\/v2\/posts\/101314\/revisions"}],"predecessor-version":[{"id":101318,"href":"https:\/\/laultimapalabra.com.mx\/portal\/wp-json\/wp\/v2\/posts\/101314\/revisions\/101318"}],"wp:featuredmedia":[{"embeddable":true,"href":"https:\/\/laultimapalabra.com.mx\/portal\/wp-json\/wp\/v2\/media\/101315"}],"wp:attachment":[{"href":"https:\/\/laultimapalabra.com.mx\/portal\/wp-json\/wp\/v2\/media?parent=101314"}],"wp:term":[{"taxonomy":"category","embeddable":true,"href":"https:\/\/laultimapalabra.com.mx\/portal\/wp-json\/wp\/v2\/categories?post=101314"},{"taxonomy":"post_tag","embeddable":true,"href":"https:\/\/laultimapalabra.com.mx\/portal\/wp-json\/wp\/v2\/tags?post=101314"}],"curies":[{"name":"wp","href":"https:\/\/api.w.org\/{rel}","templated":true}]}}