                       {"id":10147,"date":"2019-09-12T21:01:42","date_gmt":"2019-09-13T02:01:42","guid":{"rendered":"http:\/\/laultimapalabra.info\/?p=10147"},"modified":"2024-12-11T08:56:15","modified_gmt":"2024-12-11T14:56:15","slug":"se-reunen-42-cronistas-en-cadereyta","status":"publish","type":"post","link":"https:\/\/laultimapalabra.com.mx\/portal\/se-reunen-42-cronistas-en-cadereyta\/","title":{"rendered":"Se re\u00fanen 42 cronistas en Cadereyta"},"content":{"rendered":"<p style=\"text-align: justify;\"><img loading=\"lazy\" decoding=\"async\" class=\"size-medium wp-image-10148 alignleft\" src=\"https:\/\/laultimapalabra.com.mx\/portal\/wp-content\/uploads\/2019\/09\/1-copia-300x188.jpg\" alt=\"\" width=\"300\" height=\"188\" \/>CADEREYTA JIM\u00c9NEZ, N.L.-<br \/>\nCon gran \u00e9xito se llev\u00f3 a cabo la 13va. reuni\u00f3n de cronistas municipales del estado de Nuevo Le\u00f3n en Cadereyta Jim\u00e9nez, encabezados por las autoridades de la Asociaci\u00f3n Jos\u00e9 P. Salda\u00f1a, quienes fueron recibidos por el presidente municipal Ernesto Jos\u00e9 Quintanilla Villarreal y el doctor Ascensi\u00f3n Tijerina, cronista oficial del Municipio.<br \/>\nDe esta forma se festej\u00f3 el 31 de agosto en nuestra ciudad el &#8220;D\u00eda del Cronista&#8221;, en el marco del natalicio del primer cronista del Noreste, Capit\u00e1n Alonso de Le\u00f3n<br \/>\nFueron 42 cronistas de los diferentes municipios que visitaron lo que fue la casa-fuerte del capit\u00e1n Alonso de Le\u00f3n y el Museo Hist\u00f3rico de Cadereyta, entre otros sitios emblem\u00e1ticos de esta ciudad.<\/p>\n","protected":false},"excerpt":{"rendered":"<p>CADEREYTA JIM\u00c9NEZ, N.L.- Con gran \u00e9xito se llev\u00f3 a cabo la 13va. reuni\u00f3n de cronistas municipales del estado de Nuevo Le\u00f3n en Cadereyta Jim\u00e9nez, encabezados por las autoridades de la Asociaci\u00f3n Jos\u00e9 P. Salda\u00f1a, quienes fueron recibidos por el presidente municipal Ernesto Jos\u00e9 Quintanilla Villarreal y el doctor Ascensi\u00f3n Tijerina, cronista oficial del Municipio. De [&hellip;]<\/p>\n","protected":false},"author":9,"featured_media":10148,"comment_status":"open","ping_status":"closed","sticky":false,"template":"","format":"standard","meta":{"footnotes":""},"categories":[17],"tags":[879,990,1994],"class_list":["post-10147","post","type-post","status-publish","format-standard","has-post-thumbnail","hentry","category-locales-cadereyta","tag-dr-jose-ascencion-tijerina-flores","tag-ernesto-quintanilla","tag-reunion-cronistas-2019"],"_links":{"self":[{"href":"https:\/\/laultimapalabra.com.mx\/portal\/wp-json\/wp\/v2\/posts\/10147","targetHints":{"allow":["GET"]}}],"collection":[{"href":"https:\/\/laultimapalabra.com.mx\/portal\/wp-json\/wp\/v2\/posts"}],"about":[{"href":"https:\/\/laultimapalabra.com.mx\/portal\/wp-json\/wp\/v2\/types\/post"}],"author":[{"embeddable":true,"href":"https:\/\/laultimapalabra.com.mx\/portal\/wp-json\/wp\/v2\/users\/9"}],"replies":[{"embeddable":true,"href":"https:\/\/laultimapalabra.com.mx\/portal\/wp-json\/wp\/v2\/comments?post=10147"}],"version-history":[{"count":1,"href":"https:\/\/laultimapalabra.com.mx\/portal\/wp-json\/wp\/v2\/posts\/10147\/revisions"}],"predecessor-version":[{"id":68387,"href":"https:\/\/laultimapalabra.com.mx\/portal\/wp-json\/wp\/v2\/posts\/10147\/revisions\/68387"}],"wp:featuredmedia":[{"embeddable":true,"href":"https:\/\/laultimapalabra.com.mx\/portal\/wp-json\/"}],"wp:attachment":[{"href":"https:\/\/laultimapalabra.com.mx\/portal\/wp-json\/wp\/v2\/media?parent=10147"}],"wp:term":[{"taxonomy":"category","embeddable":true,"href":"https:\/\/laultimapalabra.com.mx\/portal\/wp-json\/wp\/v2\/categories?post=10147"},{"taxonomy":"post_tag","embeddable":true,"href":"https:\/\/laultimapalabra.com.mx\/portal\/wp-json\/wp\/v2\/tags?post=10147"}],"curies":[{"name":"wp","href":"https:\/\/api.w.org\/{rel}","templated":true}]}}