                       {"id":101507,"date":"2025-04-02T23:56:41","date_gmt":"2025-04-03T05:56:41","guid":{"rendered":"https:\/\/laultimapalabra.com.mx\/portal\/?p=101507"},"modified":"2025-04-02T23:56:41","modified_gmt":"2025-04-03T05:56:41","slug":"desfilan-los-guerreros-azules-sin-limites","status":"publish","type":"post","link":"https:\/\/laultimapalabra.com.mx\/portal\/desfilan-los-guerreros-azules-sin-limites\/","title":{"rendered":"Desfilan &#8220;Los Guerreros Azules Sin L\u00edmites&#8221;"},"content":{"rendered":"<p>Ju\u00e1rez, N.L.- En punto de las siete de la tarde de este mi\u00e9rcoles, inici\u00f3 la segunda caravana de &#8221; Los Guerreros Sin L\u00edmites, A.C.&#8221; que arranc\u00f3 a un lado de Paseo Ju\u00e1rez, antes SunMall VIP.<\/p>\n<p><img loading=\"lazy\" decoding=\"async\" class=\"alignnone wp-image-101509 size-large\" src=\"https:\/\/laultimapalabra.com.mx\/portal\/wp-content\/uploads\/2025\/04\/Imagen-de-WhatsApp-2025-04-02-a-las-23.32.35_750a7ef8-1024x576.jpg\" alt=\"\" width=\"740\" height=\"416\" srcset=\"https:\/\/laultimapalabra.com.mx\/portal\/wp-content\/uploads\/2025\/04\/Imagen-de-WhatsApp-2025-04-02-a-las-23.32.35_750a7ef8-1024x576.jpg 1024w, https:\/\/laultimapalabra.com.mx\/portal\/wp-content\/uploads\/2025\/04\/Imagen-de-WhatsApp-2025-04-02-a-las-23.32.35_750a7ef8-300x169.jpg 300w, https:\/\/laultimapalabra.com.mx\/portal\/wp-content\/uploads\/2025\/04\/Imagen-de-WhatsApp-2025-04-02-a-las-23.32.35_750a7ef8-768x432.jpg 768w, https:\/\/laultimapalabra.com.mx\/portal\/wp-content\/uploads\/2025\/04\/Imagen-de-WhatsApp-2025-04-02-a-las-23.32.35_750a7ef8.jpg 1280w\" sizes=\"auto, (max-width: 740px) 100vw, 740px\" \/><br \/>\nEn esta ocasi\u00f3n la caravana la encabezaron los motociclistas del Grupo &#8220;Ubaka&#8221; y &#8220;Los Renegados&#8221;, con elementos de Ju\u00e1rez, Apodaca y Monterrey.<br \/>\nTambi\u00e9n estuvieron como invitados el ex alcalde Paco Trevi\u00f1o y su esposa Adriana de la Garza, padrinos de la Asociaci\u00f3n.<br \/>\nCon veh\u00edculos con globos y adornos azules, las familias conmemoraron El D\u00eda Internacional del Autismo, realizando y pintando de azul, la Carretera a San Roque, Eloy Cavazos, carretera a San Mateo y avenida Arturo\u00a0B\u00a0de\u00a0la\u00a0Garza.<\/p>\n","protected":false},"excerpt":{"rendered":"<p>Ju\u00e1rez, N.L.- En punto de las siete de la tarde de este mi\u00e9rcoles, inici\u00f3 la segunda caravana de &#8221; Los Guerreros Sin L\u00edmites, A.C.&#8221; que arranc\u00f3 a un lado de Paseo Ju\u00e1rez, antes SunMall VIP. En esta ocasi\u00f3n la caravana la encabezaron los motociclistas del Grupo &#8220;Ubaka&#8221; y &#8220;Los Renegados&#8221;, con elementos de Ju\u00e1rez, Apodaca [&hellip;]<\/p>\n","protected":false},"author":14,"featured_media":101508,"comment_status":"closed","ping_status":"closed","sticky":false,"template":"","format":"standard","meta":{"footnotes":""},"categories":[18],"tags":[37,13020],"class_list":["post-101507","post","type-post","status-publish","format-standard","has-post-thumbnail","hentry","category-locales-juarez","tag-a-c","tag-los-guerreros-sin-limites"],"_links":{"self":[{"href":"https:\/\/laultimapalabra.com.mx\/portal\/wp-json\/wp\/v2\/posts\/101507","targetHints":{"allow":["GET"]}}],"collection":[{"href":"https:\/\/laultimapalabra.com.mx\/portal\/wp-json\/wp\/v2\/posts"}],"about":[{"href":"https:\/\/laultimapalabra.com.mx\/portal\/wp-json\/wp\/v2\/types\/post"}],"author":[{"embeddable":true,"href":"https:\/\/laultimapalabra.com.mx\/portal\/wp-json\/wp\/v2\/users\/14"}],"replies":[{"embeddable":true,"href":"https:\/\/laultimapalabra.com.mx\/portal\/wp-json\/wp\/v2\/comments?post=101507"}],"version-history":[{"count":1,"href":"https:\/\/laultimapalabra.com.mx\/portal\/wp-json\/wp\/v2\/posts\/101507\/revisions"}],"predecessor-version":[{"id":101510,"href":"https:\/\/laultimapalabra.com.mx\/portal\/wp-json\/wp\/v2\/posts\/101507\/revisions\/101510"}],"wp:featuredmedia":[{"embeddable":true,"href":"https:\/\/laultimapalabra.com.mx\/portal\/wp-json\/wp\/v2\/media\/101508"}],"wp:attachment":[{"href":"https:\/\/laultimapalabra.com.mx\/portal\/wp-json\/wp\/v2\/media?parent=101507"}],"wp:term":[{"taxonomy":"category","embeddable":true,"href":"https:\/\/laultimapalabra.com.mx\/portal\/wp-json\/wp\/v2\/categories?post=101507"},{"taxonomy":"post_tag","embeddable":true,"href":"https:\/\/laultimapalabra.com.mx\/portal\/wp-json\/wp\/v2\/tags?post=101507"}],"curies":[{"name":"wp","href":"https:\/\/api.w.org\/{rel}","templated":true}]}}