                       {"id":101771,"date":"2025-04-07T19:14:10","date_gmt":"2025-04-08T01:14:10","guid":{"rendered":"https:\/\/laultimapalabra.com.mx\/portal\/?p=101771"},"modified":"2025-04-07T19:14:10","modified_gmt":"2025-04-08T01:14:10","slug":"se-registra-incendio-en-los-ramones","status":"publish","type":"post","link":"https:\/\/laultimapalabra.com.mx\/portal\/se-registra-incendio-en-los-ramones\/","title":{"rendered":"Se registra incendio en Los Ramones"},"content":{"rendered":"<p>&nbsp;<\/p>\n<p>Los Ramones, N.L.- Un incendio se registr\u00f3 en el kil\u00f3metro 66 del municipio de Los Ramones, lo que moviliz\u00f3 a los elementos del grupo de la subestaci\u00f3n de bomberos San Genaro de Cadereyta para apoyar la emergencia.<br \/>\nAfortunadamente, no se reportaron lesionados en el incidente. En el lugar hab\u00eda algunas haciendas que terminaron da\u00f1adas por el fuego.<br \/>\nLos equipos de emergencia contin\u00faan trabajando para controlar las llamas y evitar\u00a0mayores\u00a0da\u00f1os.<\/p>\n","protected":false},"excerpt":{"rendered":"<p>&nbsp; Los Ramones, N.L.- Un incendio se registr\u00f3 en el kil\u00f3metro 66 del municipio de Los Ramones, lo que moviliz\u00f3 a los elementos del grupo de la subestaci\u00f3n de bomberos San Genaro de Cadereyta para apoyar la emergencia. Afortunadamente, no se reportaron lesionados en el incidente. En el lugar hab\u00eda algunas haciendas que terminaron da\u00f1adas [&hellip;]<\/p>\n","protected":false},"author":14,"featured_media":101772,"comment_status":"closed","ping_status":"closed","sticky":false,"template":"","format":"standard","meta":{"footnotes":""},"categories":[15],"tags":[],"class_list":["post-101771","post","type-post","status-publish","format-standard","has-post-thumbnail","hentry","category-estado"],"_links":{"self":[{"href":"https:\/\/laultimapalabra.com.mx\/portal\/wp-json\/wp\/v2\/posts\/101771","targetHints":{"allow":["GET"]}}],"collection":[{"href":"https:\/\/laultimapalabra.com.mx\/portal\/wp-json\/wp\/v2\/posts"}],"about":[{"href":"https:\/\/laultimapalabra.com.mx\/portal\/wp-json\/wp\/v2\/types\/post"}],"author":[{"embeddable":true,"href":"https:\/\/laultimapalabra.com.mx\/portal\/wp-json\/wp\/v2\/users\/14"}],"replies":[{"embeddable":true,"href":"https:\/\/laultimapalabra.com.mx\/portal\/wp-json\/wp\/v2\/comments?post=101771"}],"version-history":[{"count":1,"href":"https:\/\/laultimapalabra.com.mx\/portal\/wp-json\/wp\/v2\/posts\/101771\/revisions"}],"predecessor-version":[{"id":101773,"href":"https:\/\/laultimapalabra.com.mx\/portal\/wp-json\/wp\/v2\/posts\/101771\/revisions\/101773"}],"wp:featuredmedia":[{"embeddable":true,"href":"https:\/\/laultimapalabra.com.mx\/portal\/wp-json\/wp\/v2\/media\/101772"}],"wp:attachment":[{"href":"https:\/\/laultimapalabra.com.mx\/portal\/wp-json\/wp\/v2\/media?parent=101771"}],"wp:term":[{"taxonomy":"category","embeddable":true,"href":"https:\/\/laultimapalabra.com.mx\/portal\/wp-json\/wp\/v2\/categories?post=101771"},{"taxonomy":"post_tag","embeddable":true,"href":"https:\/\/laultimapalabra.com.mx\/portal\/wp-json\/wp\/v2\/tags?post=101771"}],"curies":[{"name":"wp","href":"https:\/\/api.w.org\/{rel}","templated":true}]}}