                       {"id":1020,"date":"2018-04-06T00:22:36","date_gmt":"2018-04-06T00:22:36","guid":{"rendered":"http:\/\/laultimapalabra.info\/?p=1020"},"modified":"2024-12-11T08:37:05","modified_gmt":"2024-12-11T14:37:05","slug":"cadereyta-y-sus-fundaciones","status":"publish","type":"post","link":"https:\/\/laultimapalabra.com.mx\/portal\/cadereyta-y-sus-fundaciones\/","title":{"rendered":"Cadereyta y sus fundaciones"},"content":{"rendered":"<p style=\"text-align: justify;\"><img loading=\"lazy\" decoding=\"async\" class=\"size-medium wp-image-1021 alignright\" src=\"https:\/\/laultimapalabra.com.mx\/portal\/wp-content\/uploads\/2018\/04\/Captura-de-pantalla-2014-04-09-16.47-300x231.jpg\" alt=\"\" width=\"300\" height=\"231\" \/>Por: Jos\u00e9 Ascenci\u00f3n Tijerina Flores<\/p>\n<p style=\"text-align: justify;\">Cadereyta Jim\u00e9nez, N. L.- Hace un buen n\u00famero de a\u00f1os (\u00bf?), un maestro historiador nos dec\u00eda: \u201cNo te conf\u00edes mucho de algunos datos de nuestra historia oficial, recuerda que estas son escritas por conveniencia de vencedores preferentemente\u201d. As\u00ed, nos daba el ejemplo: el 15 de septiembre a las 11:00pm festejamos el supuesto grito de Dolores que diera Don Miguel Hidalgo, siendo que esa noche no suced\u00eda nada especial, salvo el cumplea\u00f1os de Don Porfirio D\u00edaz. El 16 del mismo mes por la ma\u00f1ana, a\u00fan solemos decir \u201c\u00a1Viva la Independencia!\u201d, pero ese d\u00eda apenas iniciaba una lucha que durar\u00eda 11 a\u00f1os y 11 d\u00edas para que M\u00e9xico se independizara de Espa\u00f1a, cierto Hidalgo iniciaba un movimiento armado en repudio al Gobierno establecido lanzando \u201cVivas\u201d a Fernando VII Rey de Espa\u00f1a y aun as\u00ed le llamamos Padre de la Patria.<\/p>\n<p style=\"text-align: justify;\">Fray Fernando Teresa de Mier Noriega y Guerra desde mucho antes pregonaba en sus discursos la necesidad y conveniencia de que M\u00e9xico se independizara de Espa\u00f1a, adem\u00e1s un 27 de Septiembre de 1821, Don Agust\u00edn de Iturbide consumar\u00eda la Independencia sin disparar un solo tiro y sin derramar una gota de sangre acordando con Vicente Guerrero y el Virrey Juan de Odonoj\u00fa nuestra independencia fecha que pr\u00e1cticamente pasa inadvertida por la mayor\u00eda de los mexicanos y para colmo declarando traidor a su creador Don Agust\u00edn de Iturbide convirti\u00e9ndose as\u00ed M\u00e9xico en el \u00fanico Pa\u00eds tal vez en el mundo que le quita la vida en forma vergonzosa a su libertador. Estos son solo algunos ejemplos de los muchos que existen.<\/p>\n<p style=\"text-align: justify;\">Viene a cuento lo anterior por la pol\u00e9mica que ha creado la publicaci\u00f3n de un interesante libro acerca de la primera fundaci\u00f3n de Cadereyta.<\/p>\n<p style=\"text-align: justify;\">Veamos: se dice que desde 1609 Don Diego de Montemayor Gobernador del Nuevo Reino de Le\u00f3n era informado por sus exploradores que en la confluencia de los r\u00edos San Juan y Santa Catarina exist\u00eda un asentamiento humano de ind\u00edgenas y espa\u00f1oles que viv\u00edan en comuni\u00f3n de las cosechas que en forma casi natural les daban estas privilegiadas tierras, si bien el n\u00famero de habitantes no aumentaba en forma notoria era por la defensa que hac\u00edan los primeros de estos lugares pues estos ind\u00edgenas eran los verdaderos due\u00f1os de ellas.<\/p>\n<p style=\"text-align: justify;\">El d\u00eda 12 y 13 de Marzo de 1637 se levanta un acta de fundaci\u00f3n con la firma de los habitantes del lugar que tal vez qued\u00f3 como intento de fundaci\u00f3n, pues no aparece la firma del Gobernador en turno.<\/p>\n<p style=\"text-align: justify;\">El 13 de Agosto del mismo a\u00f1o se lleva a cabo la confecci\u00f3n de otro escrito por Alonso de Pimentel bajo la vigilancia y supervisi\u00f3n del Capit\u00e1n Luis de Z\u00fa\u00f1iga y Almar\u00e1s quien por mandato del Gobernador Mart\u00edn de Zavala efectuaban otro intento m\u00e1s por fundar la Villa prometida al Gobernador, \u00e9ste al Virrey y a su vez al Rey de Espa\u00f1a: Felipe IV.<\/p>\n<p style=\"text-align: justify;\">6 meses despu\u00e9s, un 25 de Febrero pero de 1638 Don Mart\u00edn de Zavala, mejorado de algunos achaques en su salud (\u00bf?) se presenta a confirmar lo ordenado para con Don Luis de Z\u00fa\u00f1iga y el escribano Pimentel y encontrando serias fallas en la redacci\u00f3n del escrito adem\u00e1s en la repartici\u00f3n de solares y orientaci\u00f3n de las calles da la orden de modificar lo antes hecho y estando de acuerdo vecinos y autoridades se procedi\u00f3 a redactar y escribir una nueva acta que en esta ocasi\u00f3n SI LLEVARIA LA FIRMA DE LA MAXIMA AUTORIDAD EN EL NUEVO REINO DE LEON.<\/p>\n<p style=\"text-align: justify;\">Un 30 de diciembre del mismo a\u00f1o el Cabildo sale a recorrer a pie y a caballo la jurisdicci\u00f3n territorial de Cadereyta hacia Monterrey.<\/p>\n<p style=\"text-align: justify;\">La historia es clara y seg\u00fan entendemos un documento sin la firma de la autoridad correspondiente CARECE DE VALIDEZ, entonces porqu\u00e9 es que celebramos una fecha de fundaci\u00f3n de nuestro municipio que no est\u00e1 autorizada por el Gobernador Mart\u00edn de Zavala apareciendo su firma en el acta del 25 de febrero de 1638 que conservamos celosamente en nuestro archivo hist\u00f3rico municipal.<\/p>\n<p style=\"text-align: justify;\">Ahora bien, no es que nos \u201chagamos bolas\u201d como alguien dijera, es cuesti\u00f3n de l\u00f3gica y apreciaci\u00f3n pero como dijera nuestro director \u201cesa es mi opini\u00f3n\u2026 usted amable lector tiene la \u00faltima palabra\u201d.<\/p>\n<p style=\"text-align: justify;\">Gracias<\/p>\n","protected":false},"excerpt":{"rendered":"<p>Por: Jos\u00e9 Ascenci\u00f3n Tijerina Flores Cadereyta Jim\u00e9nez, N. L.- Hace un buen n\u00famero de a\u00f1os (\u00bf?), un maestro historiador nos dec\u00eda: \u201cNo te conf\u00edes mucho de algunos datos de nuestra historia oficial, recuerda que estas son escritas por conveniencia de vencedores preferentemente\u201d. As\u00ed, nos daba el ejemplo: el 15 de septiembre a las 11:00pm festejamos [&hellip;]<\/p>\n","protected":false},"author":9,"featured_media":1021,"comment_status":"open","ping_status":"closed","sticky":false,"template":"","format":"standard","meta":{"footnotes":""},"categories":[1],"tags":[879],"class_list":["post-1020","post","type-post","status-publish","format-standard","has-post-thumbnail","hentry","category-noticias","tag-dr-jose-ascencion-tijerina-flores"],"_links":{"self":[{"href":"https:\/\/laultimapalabra.com.mx\/portal\/wp-json\/wp\/v2\/posts\/1020","targetHints":{"allow":["GET"]}}],"collection":[{"href":"https:\/\/laultimapalabra.com.mx\/portal\/wp-json\/wp\/v2\/posts"}],"about":[{"href":"https:\/\/laultimapalabra.com.mx\/portal\/wp-json\/wp\/v2\/types\/post"}],"author":[{"embeddable":true,"href":"https:\/\/laultimapalabra.com.mx\/portal\/wp-json\/wp\/v2\/users\/9"}],"replies":[{"embeddable":true,"href":"https:\/\/laultimapalabra.com.mx\/portal\/wp-json\/wp\/v2\/comments?post=1020"}],"version-history":[{"count":1,"href":"https:\/\/laultimapalabra.com.mx\/portal\/wp-json\/wp\/v2\/posts\/1020\/revisions"}],"predecessor-version":[{"id":63563,"href":"https:\/\/laultimapalabra.com.mx\/portal\/wp-json\/wp\/v2\/posts\/1020\/revisions\/63563"}],"wp:featuredmedia":[{"embeddable":true,"href":"https:\/\/laultimapalabra.com.mx\/portal\/wp-json\/"}],"wp:attachment":[{"href":"https:\/\/laultimapalabra.com.mx\/portal\/wp-json\/wp\/v2\/media?parent=1020"}],"wp:term":[{"taxonomy":"category","embeddable":true,"href":"https:\/\/laultimapalabra.com.mx\/portal\/wp-json\/wp\/v2\/categories?post=1020"},{"taxonomy":"post_tag","embeddable":true,"href":"https:\/\/laultimapalabra.com.mx\/portal\/wp-json\/wp\/v2\/tags?post=1020"}],"curies":[{"name":"wp","href":"https:\/\/api.w.org\/{rel}","templated":true}]}}