                       {"id":102274,"date":"2025-04-22T10:08:12","date_gmt":"2025-04-22T16:08:12","guid":{"rendered":"https:\/\/laultimapalabra.com.mx\/portal\/?p=102274"},"modified":"2025-04-22T10:08:12","modified_gmt":"2025-04-22T16:08:12","slug":"localiza-policia-de-juarez-a-men0r-desapar3cido","status":"publish","type":"post","link":"https:\/\/laultimapalabra.com.mx\/portal\/localiza-policia-de-juarez-a-men0r-desapar3cido\/","title":{"rendered":"Localiza polic\u00eda de Ju\u00e1rez a men0r desapar3cido"},"content":{"rendered":"<p>Ju\u00e1rez, N.L.- Un menor que se encontraba con c\u00e9dula de extrav\u00edo, fue localizado por la Unidad de B\u00fasqueda Inmediata de Personas Desaparecidas de la Secretar\u00eda de Seguridad y Protecci\u00f3n Ciudadana de Ju\u00e1rez.<br \/>\nAxel Abdayan \u201cN\u201d, de 13 a\u00f1os, fue localizado sano y salvo en la colonia Praderas de Oriente, despu\u00e9s de una diferencia familiar.<br \/>\nEl menor fue entregado a su madre, quien se encontraba angustiada y ser\u00e1 canalizado al DIF para recibir orientaci\u00f3n psicol\u00f3gica.<\/p>\n","protected":false},"excerpt":{"rendered":"<p>Ju\u00e1rez, N.L.- Un menor que se encontraba con c\u00e9dula de extrav\u00edo, fue localizado por la Unidad de B\u00fasqueda Inmediata de Personas Desaparecidas de la Secretar\u00eda de Seguridad y Protecci\u00f3n Ciudadana de Ju\u00e1rez. Axel Abdayan \u201cN\u201d, de 13 a\u00f1os, fue localizado sano y salvo en la colonia Praderas de Oriente, despu\u00e9s de una diferencia familiar. El [&hellip;]<\/p>\n","protected":false},"author":14,"featured_media":102284,"comment_status":"closed","ping_status":"closed","sticky":false,"template":"","format":"standard","meta":{"footnotes":""},"categories":[10],"tags":[12411],"class_list":["post-102274","post","type-post","status-publish","format-standard","has-post-thumbnail","hentry","category-seguridad-juarez","tag-colonia-praderas-de-oriente"],"_links":{"self":[{"href":"https:\/\/laultimapalabra.com.mx\/portal\/wp-json\/wp\/v2\/posts\/102274","targetHints":{"allow":["GET"]}}],"collection":[{"href":"https:\/\/laultimapalabra.com.mx\/portal\/wp-json\/wp\/v2\/posts"}],"about":[{"href":"https:\/\/laultimapalabra.com.mx\/portal\/wp-json\/wp\/v2\/types\/post"}],"author":[{"embeddable":true,"href":"https:\/\/laultimapalabra.com.mx\/portal\/wp-json\/wp\/v2\/users\/14"}],"replies":[{"embeddable":true,"href":"https:\/\/laultimapalabra.com.mx\/portal\/wp-json\/wp\/v2\/comments?post=102274"}],"version-history":[{"count":1,"href":"https:\/\/laultimapalabra.com.mx\/portal\/wp-json\/wp\/v2\/posts\/102274\/revisions"}],"predecessor-version":[{"id":102285,"href":"https:\/\/laultimapalabra.com.mx\/portal\/wp-json\/wp\/v2\/posts\/102274\/revisions\/102285"}],"wp:featuredmedia":[{"embeddable":true,"href":"https:\/\/laultimapalabra.com.mx\/portal\/wp-json\/wp\/v2\/media\/102284"}],"wp:attachment":[{"href":"https:\/\/laultimapalabra.com.mx\/portal\/wp-json\/wp\/v2\/media?parent=102274"}],"wp:term":[{"taxonomy":"category","embeddable":true,"href":"https:\/\/laultimapalabra.com.mx\/portal\/wp-json\/wp\/v2\/categories?post=102274"},{"taxonomy":"post_tag","embeddable":true,"href":"https:\/\/laultimapalabra.com.mx\/portal\/wp-json\/wp\/v2\/tags?post=102274"}],"curies":[{"name":"wp","href":"https:\/\/api.w.org\/{rel}","templated":true}]}}