                       {"id":1024,"date":"2018-04-06T00:24:29","date_gmt":"2018-04-06T00:24:29","guid":{"rendered":"http:\/\/laultimapalabra.info\/?p=1024"},"modified":"2024-12-11T08:37:05","modified_gmt":"2024-12-11T14:37:05","slug":"foto-del-recuerdo-7","status":"publish","type":"post","link":"https:\/\/laultimapalabra.com.mx\/portal\/foto-del-recuerdo-7\/","title":{"rendered":"Foto del Recuerdo"},"content":{"rendered":"<p><img loading=\"lazy\" decoding=\"async\" class=\"alignnone size-medium wp-image-1022\" src=\"https:\/\/laultimapalabra.com.mx\/portal\/wp-content\/uploads\/2018\/04\/DSCF2123-copia-300x169.jpg\" alt=\"\" width=\"300\" height=\"169\" \/><\/p>\n<p style=\"text-align: justify;\">Despu\u00e9s de la Ciudad de Monterrey, Cadereyta fue el primer municipio que cont\u00f3 con un cuerpo de Bomberos en 1961. En la foto aparecen los primeros Oficiales Voluntarios de esta dependencia los se\u00f1ores Arsenio Cant\u00fa Garc\u00eda recientemente fallecido y el se\u00f1or C\u00e9sar Quiroga tambi\u00e9n fallecido.<\/p>\n","protected":false},"excerpt":{"rendered":"<p>Despu\u00e9s de la Ciudad de Monterrey, Cadereyta fue el primer municipio que cont\u00f3 con un cuerpo de Bomberos en 1961. En la foto aparecen los primeros Oficiales Voluntarios de esta dependencia los se\u00f1ores Arsenio Cant\u00fa Garc\u00eda recientemente fallecido y el se\u00f1or C\u00e9sar Quiroga tambi\u00e9n fallecido.<\/p>\n","protected":false},"author":9,"featured_media":1022,"comment_status":"open","ping_status":"closed","sticky":false,"template":"","format":"standard","meta":{"footnotes":""},"categories":[1],"tags":[1867],"class_list":["post-1024","post","type-post","status-publish","format-standard","has-post-thumbnail","hentry","category-noticias","tag-primeros-bomberos-en-cadereyta"],"_links":{"self":[{"href":"https:\/\/laultimapalabra.com.mx\/portal\/wp-json\/wp\/v2\/posts\/1024","targetHints":{"allow":["GET"]}}],"collection":[{"href":"https:\/\/laultimapalabra.com.mx\/portal\/wp-json\/wp\/v2\/posts"}],"about":[{"href":"https:\/\/laultimapalabra.com.mx\/portal\/wp-json\/wp\/v2\/types\/post"}],"author":[{"embeddable":true,"href":"https:\/\/laultimapalabra.com.mx\/portal\/wp-json\/wp\/v2\/users\/9"}],"replies":[{"embeddable":true,"href":"https:\/\/laultimapalabra.com.mx\/portal\/wp-json\/wp\/v2\/comments?post=1024"}],"version-history":[{"count":1,"href":"https:\/\/laultimapalabra.com.mx\/portal\/wp-json\/wp\/v2\/posts\/1024\/revisions"}],"predecessor-version":[{"id":63565,"href":"https:\/\/laultimapalabra.com.mx\/portal\/wp-json\/wp\/v2\/posts\/1024\/revisions\/63565"}],"wp:featuredmedia":[{"embeddable":true,"href":"https:\/\/laultimapalabra.com.mx\/portal\/wp-json\/"}],"wp:attachment":[{"href":"https:\/\/laultimapalabra.com.mx\/portal\/wp-json\/wp\/v2\/media?parent=1024"}],"wp:term":[{"taxonomy":"category","embeddable":true,"href":"https:\/\/laultimapalabra.com.mx\/portal\/wp-json\/wp\/v2\/categories?post=1024"},{"taxonomy":"post_tag","embeddable":true,"href":"https:\/\/laultimapalabra.com.mx\/portal\/wp-json\/wp\/v2\/tags?post=1024"}],"curies":[{"name":"wp","href":"https:\/\/api.w.org\/{rel}","templated":true}]}}