                       {"id":10247,"date":"2019-09-19T17:24:50","date_gmt":"2019-09-19T22:24:50","guid":{"rendered":"http:\/\/laultimapalabra.info\/?p=10247"},"modified":"2024-12-11T08:56:17","modified_gmt":"2024-12-11T14:56:17","slug":"el-arco-de-monterrey-inaugurado-por-un-gobernador-jimenence","status":"publish","type":"post","link":"https:\/\/laultimapalabra.com.mx\/portal\/el-arco-de-monterrey-inaugurado-por-un-gobernador-jimenence\/","title":{"rendered":"\u201cEl Arco\u201d de Monterrey\u2026\u2026. Inaugurado por un Gobernador Jimenence"},"content":{"rendered":"<div id=\"attachment_10249\" style=\"width: 234px\" class=\"wp-caption alignright\"><img loading=\"lazy\" decoding=\"async\" aria-describedby=\"caption-attachment-10249\" class=\"size-medium wp-image-10249\" src=\"https:\/\/laultimapalabra.com.mx\/portal\/wp-content\/uploads\/2019\/09\/gobernador_jose_maria_mier_original-copia-224x300.jpg\" alt=\"\" width=\"224\" height=\"300\" \/><p id=\"caption-attachment-10249\" class=\"wp-caption-text\">Jos\u00e9 Ma Mier Gobernador de Jalisco 1914<\/p><\/div>\n<p style=\"text-align: justify;\">Por: Dr. Jos\u00e9 Ascenci\u00f3n Tijerina Flores<\/p>\n<p style=\"text-align: justify;\">Un 16 de septiembre 1810 se inaugura en Monterrey Nuevo Le\u00f3n un monumento conocido como \u201cEl Arco\u201d para conmemorar el primer centenario del inicio de la guerra de Independencia. Dicha edificaci\u00f3n se encuentra en el cruce de las avenidas Madero y Pino Suarez (Antes conocidas como Av. Uni\u00f3n y Av. Progreso) en el primer cuadro de la ciudad capital.<br \/>\nSe ubican en ese lugar las salidas hacia Saltillo de Oriente a Poniente, a Laredo y ciudad de M\u00e9xico de norte a sur y hacia el oriente a Reynosa y la frontera.<br \/>\nLa obra fue realizada casi en su totalidad por el Gobernador Bernardo Reyes quien tuvo que dejar su puesto por un \u201csisma\u201d pol\u00edtico que provoc\u00f3 una intensa promoci\u00f3n para la Candidatura Presidencial con una amplia red de clubs Reyistas en todo M\u00e9xico cost\u00e1ndole tambi\u00e9n la Gubernatura de Coahuila a su fiel seguidor Miguel C\u00e1rdenas, como la del propio Reyes en Nuevo Le\u00f3n, pues el Gral. Porfirio D\u00edaz no ten\u00eda la intenci\u00f3n de dejar la Presidencia.<br \/>\nAl Gobernador interino Gral. Jos\u00e9 Mar\u00eda Mier Santos Coy le correspondi\u00f3 inaugurar esta obra que ostenta una estatua en la parte superior de una mujer de cuerpo entero.<br \/>\nEl monumento en si es un arco de piedra rosa de cantera (ahora caf\u00e9 obscura por la poluci\u00f3n moderna) con una altura de 25 metros. \u201cLa Mona\u201d del arco es una figura met\u00e1lica de una mujer, mide 6 metros de altura y pesa 3 toneladas que representa la victoria con una corona de olivo, vestido despedazado y busto de fuera, sosteniendo una cadena rota simbolizando la ruptura con la corona Espa\u00f1ola, a superior altura se encuentran dos \u00e1guilas de bronce.<br \/>\nEl artista Eligio Fern\u00e1ndez fue quien dise\u00f1\u00f3 esa figura, as\u00ed como el industrial Norteamericano W. H. Mullins de Salem Ohio, como tambi\u00e9n el propio Bernardo Reyes, la obra se concluy\u00f3 a un costo de 53 mil pesos.<br \/>\nEste se\u00f1or Mullins ya hab\u00eda hecho otras obras a Reyes, ejemplo: Las estatuas de Hidalgo y Ju\u00e1rez situadas frente al palacio de gobierno, la obra civil la realiz\u00f3 el Arq. Ingles Alfredo Giles constructor del casino de Monterrey y el Banco Mercantil de la calle Zaragoza esq. Con Morelos, entre otras notables obras.<br \/>\nEsta construcci\u00f3n es s\u00edmbolo de Monterrey construida bajo el mandato de Presidente Porfirio D\u00edaz con el mismo fin que se edific\u00f3 el monumento al \u00c1ngel de Independencia, el de Benito Ju\u00e1rez y el Palacio de Bellas Artes en la ciudad de M\u00e9xico.<br \/>\nEse d\u00eda inaugural fue el Regidor Rafael Garza Cant\u00fa quien pronunci\u00f3 el discurso oficial, pues el Gral. Mier Santos no era afecto a hablar en p\u00fablico.<br \/>\nIgual que usted amable lector desde tiempos ya idos, tuve la oportunidad de admirar esta magna construcci\u00f3n por causas diversas que sigue de pie no obstante el paso del tiempo y el tr\u00e1nsito de veh\u00edculos en altas velocidades que podr\u00edan ocasionar estrellamientos en sus columnas provocando derrumbes importantes.<br \/>\nPero sobre todo recordad que un ilustre Jimenence (Casi en el olvido, pues una calle de nuestra ciudad que deber\u00eda llevar su nombre, equivocadamente tiene remarcada en su placa el nombre del ilustre Fray Servando Teresa de Mier, t\u00edo abuelo de nuestro personaje.)<br \/>\nCadereyta debe sentirse orgullosa de saber que un ilustre hijo de ella encabez\u00f3 la ceremonia de inauguraci\u00f3n de esa emblem\u00e1tica obra en la ciudad de Monterrey: El Gobernador interino Gral. Jos\u00e9 Mar\u00eda Mier Santos Coy.<br \/>\nGracias<\/p>\n<p style=\"text-align: justify;\">\n","protected":false},"excerpt":{"rendered":"<p>Por: Dr. Jos\u00e9 Ascenci\u00f3n Tijerina Flores Un 16 de septiembre 1810 se inaugura en Monterrey Nuevo Le\u00f3n un monumento conocido como \u201cEl Arco\u201d para conmemorar el primer centenario del inicio de la guerra de Independencia. Dicha edificaci\u00f3n se encuentra en el cruce de las avenidas Madero y Pino Suarez (Antes conocidas como Av. Uni\u00f3n y [&hellip;]<\/p>\n","protected":false},"author":9,"featured_media":10248,"comment_status":"open","ping_status":"closed","sticky":false,"template":"","format":"standard","meta":{"footnotes":""},"categories":[1],"tags":[879],"class_list":["post-10247","post","type-post","status-publish","format-standard","has-post-thumbnail","hentry","category-noticias","tag-dr-jose-ascencion-tijerina-flores"],"_links":{"self":[{"href":"https:\/\/laultimapalabra.com.mx\/portal\/wp-json\/wp\/v2\/posts\/10247","targetHints":{"allow":["GET"]}}],"collection":[{"href":"https:\/\/laultimapalabra.com.mx\/portal\/wp-json\/wp\/v2\/posts"}],"about":[{"href":"https:\/\/laultimapalabra.com.mx\/portal\/wp-json\/wp\/v2\/types\/post"}],"author":[{"embeddable":true,"href":"https:\/\/laultimapalabra.com.mx\/portal\/wp-json\/wp\/v2\/users\/9"}],"replies":[{"embeddable":true,"href":"https:\/\/laultimapalabra.com.mx\/portal\/wp-json\/wp\/v2\/comments?post=10247"}],"version-history":[{"count":1,"href":"https:\/\/laultimapalabra.com.mx\/portal\/wp-json\/wp\/v2\/posts\/10247\/revisions"}],"predecessor-version":[{"id":68435,"href":"https:\/\/laultimapalabra.com.mx\/portal\/wp-json\/wp\/v2\/posts\/10247\/revisions\/68435"}],"wp:featuredmedia":[{"embeddable":true,"href":"https:\/\/laultimapalabra.com.mx\/portal\/wp-json\/"}],"wp:attachment":[{"href":"https:\/\/laultimapalabra.com.mx\/portal\/wp-json\/wp\/v2\/media?parent=10247"}],"wp:term":[{"taxonomy":"category","embeddable":true,"href":"https:\/\/laultimapalabra.com.mx\/portal\/wp-json\/wp\/v2\/categories?post=10247"},{"taxonomy":"post_tag","embeddable":true,"href":"https:\/\/laultimapalabra.com.mx\/portal\/wp-json\/wp\/v2\/tags?post=10247"}],"curies":[{"name":"wp","href":"https:\/\/api.w.org\/{rel}","templated":true}]}}