                       {"id":102553,"date":"2025-04-26T19:59:55","date_gmt":"2025-04-27T01:59:55","guid":{"rendered":"https:\/\/laultimapalabra.com.mx\/portal\/?p=102553"},"modified":"2025-04-26T20:12:49","modified_gmt":"2025-04-27T02:12:49","slug":"accidente-vehicular-en-la-calle-gonzalitos-antes-de-llegar-a-la-privada-de-santa-maria-en-cadereyta","status":"publish","type":"post","link":"https:\/\/laultimapalabra.com.mx\/portal\/accidente-vehicular-en-la-calle-gonzalitos-antes-de-llegar-a-la-privada-de-santa-maria-en-cadereyta\/","title":{"rendered":"Chocan autos en calle Gonzalitos"},"content":{"rendered":"<p>&nbsp;<\/p>\n<p>&nbsp;<\/p>\n<p>Cadereyta, N.L. &#8211; Un accidente vehicular se suscit\u00f3 sobre la calle Gonzalitos, detr\u00e1s de la capilla y antes de llegar a la privada Santa Mar\u00eda.<br \/>\nEn el incidente participaron dos veh\u00edculos, uno de color arena y otro de color blanco. Afortunadamente, no se reportaron lesionados en el lugar.<br \/>\nAutoridades de Tr\u00e1nsito llegaron al sitio para tomar conocimiento del accidente y deslindar responsabilidades.<\/p>\n<p><img loading=\"lazy\" decoding=\"async\" class=\"alignnone wp-image-102554 size-large\" src=\"https:\/\/laultimapalabra.com.mx\/portal\/wp-content\/uploads\/2025\/04\/Imagen-de-WhatsApp-2025-04-26-a-las-15.20.47_bb27fc1f-1-1024x768.jpg\" alt=\"\" width=\"740\" height=\"555\" srcset=\"https:\/\/laultimapalabra.com.mx\/portal\/wp-content\/uploads\/2025\/04\/Imagen-de-WhatsApp-2025-04-26-a-las-15.20.47_bb27fc1f-1-1024x768.jpg 1024w, https:\/\/laultimapalabra.com.mx\/portal\/wp-content\/uploads\/2025\/04\/Imagen-de-WhatsApp-2025-04-26-a-las-15.20.47_bb27fc1f-1-300x225.jpg 300w, https:\/\/laultimapalabra.com.mx\/portal\/wp-content\/uploads\/2025\/04\/Imagen-de-WhatsApp-2025-04-26-a-las-15.20.47_bb27fc1f-1-768x576.jpg 768w, https:\/\/laultimapalabra.com.mx\/portal\/wp-content\/uploads\/2025\/04\/Imagen-de-WhatsApp-2025-04-26-a-las-15.20.47_bb27fc1f-1-1536x1152.jpg 1536w, https:\/\/laultimapalabra.com.mx\/portal\/wp-content\/uploads\/2025\/04\/Imagen-de-WhatsApp-2025-04-26-a-las-15.20.47_bb27fc1f-1.jpg 1600w\" sizes=\"auto, (max-width: 740px) 100vw, 740px\" \/><\/p>\n<p>&nbsp;<\/p>\n","protected":false},"excerpt":{"rendered":"<p>&nbsp; &nbsp; Cadereyta, N.L. &#8211; Un accidente vehicular se suscit\u00f3 sobre la calle Gonzalitos, detr\u00e1s de la capilla y antes de llegar a la privada Santa Mar\u00eda. En el incidente participaron dos veh\u00edculos, uno de color arena y otro de color blanco. Afortunadamente, no se reportaron lesionados en el lugar. Autoridades de Tr\u00e1nsito llegaron al [&hellip;]<\/p>\n","protected":false},"author":14,"featured_media":102555,"comment_status":"closed","ping_status":"closed","sticky":false,"template":"","format":"standard","meta":{"footnotes":""},"categories":[6805,17],"tags":[],"class_list":["post-102553","post","type-post","status-publish","format-standard","has-post-thumbnail","hentry","category-accidentes","category-locales-cadereyta"],"_links":{"self":[{"href":"https:\/\/laultimapalabra.com.mx\/portal\/wp-json\/wp\/v2\/posts\/102553","targetHints":{"allow":["GET"]}}],"collection":[{"href":"https:\/\/laultimapalabra.com.mx\/portal\/wp-json\/wp\/v2\/posts"}],"about":[{"href":"https:\/\/laultimapalabra.com.mx\/portal\/wp-json\/wp\/v2\/types\/post"}],"author":[{"embeddable":true,"href":"https:\/\/laultimapalabra.com.mx\/portal\/wp-json\/wp\/v2\/users\/14"}],"replies":[{"embeddable":true,"href":"https:\/\/laultimapalabra.com.mx\/portal\/wp-json\/wp\/v2\/comments?post=102553"}],"version-history":[{"count":2,"href":"https:\/\/laultimapalabra.com.mx\/portal\/wp-json\/wp\/v2\/posts\/102553\/revisions"}],"predecessor-version":[{"id":102560,"href":"https:\/\/laultimapalabra.com.mx\/portal\/wp-json\/wp\/v2\/posts\/102553\/revisions\/102560"}],"wp:featuredmedia":[{"embeddable":true,"href":"https:\/\/laultimapalabra.com.mx\/portal\/wp-json\/wp\/v2\/media\/102555"}],"wp:attachment":[{"href":"https:\/\/laultimapalabra.com.mx\/portal\/wp-json\/wp\/v2\/media?parent=102553"}],"wp:term":[{"taxonomy":"category","embeddable":true,"href":"https:\/\/laultimapalabra.com.mx\/portal\/wp-json\/wp\/v2\/categories?post=102553"},{"taxonomy":"post_tag","embeddable":true,"href":"https:\/\/laultimapalabra.com.mx\/portal\/wp-json\/wp\/v2\/tags?post=102553"}],"curies":[{"name":"wp","href":"https:\/\/api.w.org\/{rel}","templated":true}]}}