                       {"id":10263,"date":"2019-09-19T17:50:36","date_gmt":"2019-09-19T22:50:36","guid":{"rendered":"http:\/\/laultimapalabra.info\/?p=10263"},"modified":"2024-12-11T08:56:17","modified_gmt":"2024-12-11T14:56:17","slug":"renuncia-de-rica-fue-voluntaria","status":"publish","type":"post","link":"https:\/\/laultimapalabra.com.mx\/portal\/renuncia-de-rica-fue-voluntaria\/","title":{"rendered":"\u201cRenuncia de Rica fue voluntaria\u201d"},"content":{"rendered":"<p style=\"text-align: justify;\"><img loading=\"lazy\" decoding=\"async\" class=\"size-medium wp-image-10264 alignleft\" src=\"https:\/\/laultimapalabra.com.mx\/portal\/wp-content\/uploads\/2019\/09\/base-2-300x225.jpg\" alt=\"\" width=\"300\" height=\"225\" \/>Miguel Oscar P\u00e9rez<br \/>\nCADEREYTA JIM\u00c9NEZ, N.L.-<br \/>\n\u201cRicardo habl\u00f3 conmigo, para empezar Ricardo es mi amigo personal, \u00e9l me dijo que por problemas personales se separaba del cargo, por sus negocios, que necesitaba pegarse m\u00e1s\u201d, explic\u00f3 Ernesto Quintanilla sobre la renuncia de Rica Cant\u00fa Sada.<br \/>\nEl alcalde le dijo que era una pieza muy valiosa para el municipio, para la administraci\u00f3n, pero que respetaba su decisi\u00f3n.<br \/>\nA\u00f1adi\u00f3 que el ahora ex Subsecretario siempre tendr\u00eda una puerta abierta en la administraci\u00f3n y que incluso, unos d\u00edas antes de la entrevista, acompa\u00f1\u00f3 al alcalde y a al secretario a varias gestiones con el estado, ya estando fuera de presidencia.<br \/>\nDijo que al momento de la entrevista Cant\u00fa Sada, hermano de Edelmiro Cant\u00fa, se encontraba fuera de la ciudad, pero que dar\u00eda una noticia a su regreso a Cadereyta.<br \/>\nAsegur\u00f3 que la renuncia se dio en t\u00e9rminos de amistad, pero que Cant\u00fa Sada continuar\u00e1 trabajando por Cadereyta.<br \/>\nMencion\u00f3 adem\u00e1s que de momento la subsecretar\u00eda quedar\u00e1 ac\u00e9fala, hasta encontrar el perfil adecuado para la tan delicada dependencia.<\/p>\n","protected":false},"excerpt":{"rendered":"<p>Miguel Oscar P\u00e9rez CADEREYTA JIM\u00c9NEZ, N.L.- \u201cRicardo habl\u00f3 conmigo, para empezar Ricardo es mi amigo personal, \u00e9l me dijo que por problemas personales se separaba del cargo, por sus negocios, que necesitaba pegarse m\u00e1s\u201d, explic\u00f3 Ernesto Quintanilla sobre la renuncia de Rica Cant\u00fa Sada. El alcalde le dijo que era una pieza muy valiosa para [&hellip;]<\/p>\n","protected":false},"author":9,"featured_media":10264,"comment_status":"open","ping_status":"closed","sticky":false,"template":"","format":"standard","meta":{"footnotes":""},"categories":[17],"tags":[1978,2000],"class_list":["post-10263","post","type-post","status-publish","format-standard","has-post-thumbnail","hentry","category-locales-cadereyta","tag-renuncias-cadereyta","tag-ricardo-cantu-sada"],"_links":{"self":[{"href":"https:\/\/laultimapalabra.com.mx\/portal\/wp-json\/wp\/v2\/posts\/10263","targetHints":{"allow":["GET"]}}],"collection":[{"href":"https:\/\/laultimapalabra.com.mx\/portal\/wp-json\/wp\/v2\/posts"}],"about":[{"href":"https:\/\/laultimapalabra.com.mx\/portal\/wp-json\/wp\/v2\/types\/post"}],"author":[{"embeddable":true,"href":"https:\/\/laultimapalabra.com.mx\/portal\/wp-json\/wp\/v2\/users\/9"}],"replies":[{"embeddable":true,"href":"https:\/\/laultimapalabra.com.mx\/portal\/wp-json\/wp\/v2\/comments?post=10263"}],"version-history":[{"count":1,"href":"https:\/\/laultimapalabra.com.mx\/portal\/wp-json\/wp\/v2\/posts\/10263\/revisions"}],"predecessor-version":[{"id":68443,"href":"https:\/\/laultimapalabra.com.mx\/portal\/wp-json\/wp\/v2\/posts\/10263\/revisions\/68443"}],"wp:featuredmedia":[{"embeddable":true,"href":"https:\/\/laultimapalabra.com.mx\/portal\/wp-json\/"}],"wp:attachment":[{"href":"https:\/\/laultimapalabra.com.mx\/portal\/wp-json\/wp\/v2\/media?parent=10263"}],"wp:term":[{"taxonomy":"category","embeddable":true,"href":"https:\/\/laultimapalabra.com.mx\/portal\/wp-json\/wp\/v2\/categories?post=10263"},{"taxonomy":"post_tag","embeddable":true,"href":"https:\/\/laultimapalabra.com.mx\/portal\/wp-json\/wp\/v2\/tags?post=10263"}],"curies":[{"name":"wp","href":"https:\/\/api.w.org\/{rel}","templated":true}]}}