                       {"id":10269,"date":"2019-09-19T17:55:49","date_gmt":"2019-09-19T22:55:49","guid":{"rendered":"http:\/\/laultimapalabra.info\/?p=10269"},"modified":"2024-12-11T08:56:17","modified_gmt":"2024-12-11T14:56:17","slug":"rio-de-aguas-negras","status":"publish","type":"post","link":"https:\/\/laultimapalabra.com.mx\/portal\/rio-de-aguas-negras\/","title":{"rendered":"R\u00edo de aguas negras"},"content":{"rendered":"<p style=\"text-align: justify;\"><img loading=\"lazy\" decoding=\"async\" class=\"size-medium wp-image-10270 alignright\" src=\"https:\/\/laultimapalabra.com.mx\/portal\/wp-content\/uploads\/2019\/09\/3cd9e91c-bf41-4318-93c4-ee562e734221-168x300.jpg\" alt=\"\" width=\"168\" height=\"300\" \/>Miguel Oscar P\u00e9rez<br \/>\nCADEREYTA JIM\u00c9NEZ, N.L.-<br \/>\nVecinos de Jardines de Cadereyta en su tercer sector, se quejan de la indolencia de la empresa Agua y Drenaje, debido a que casi por medio mes est\u00e1n soportando malos olores a causa del desborde de una alcantarilla.<br \/>\nEl agua recorre cerca de un kil\u00f3metro, desde Belladona esquina con Azafr\u00e1n, pasando por varias calles que son cruces de estudiantes del Jard\u00edn de Ni\u00f1os Ram\u00f3n Corona Madrigal.<br \/>\nLos menores soportan los malos olores y que sus pies se ensucien con las aguas negras y aunque ya se ha denunciado a AyD, no se han visto las cuadrillas reparando el desperfecto o destapando el registro.<\/p>\n","protected":false},"excerpt":{"rendered":"<p>Miguel Oscar P\u00e9rez CADEREYTA JIM\u00c9NEZ, N.L.- Vecinos de Jardines de Cadereyta en su tercer sector, se quejan de la indolencia de la empresa Agua y Drenaje, debido a que casi por medio mes est\u00e1n soportando malos olores a causa del desborde de una alcantarilla. El agua recorre cerca de un kil\u00f3metro, desde Belladona esquina con [&hellip;]<\/p>\n","protected":false},"author":9,"featured_media":10271,"comment_status":"open","ping_status":"closed","sticky":false,"template":"","format":"standard","meta":{"footnotes":""},"categories":[17],"tags":[74,1320],"class_list":["post-10269","post","type-post","status-publish","format-standard","has-post-thumbnail","hentry","category-locales-cadereyta","tag-aguas-negras-cadereyta","tag-jardines-de-cadereyta"],"_links":{"self":[{"href":"https:\/\/laultimapalabra.com.mx\/portal\/wp-json\/wp\/v2\/posts\/10269","targetHints":{"allow":["GET"]}}],"collection":[{"href":"https:\/\/laultimapalabra.com.mx\/portal\/wp-json\/wp\/v2\/posts"}],"about":[{"href":"https:\/\/laultimapalabra.com.mx\/portal\/wp-json\/wp\/v2\/types\/post"}],"author":[{"embeddable":true,"href":"https:\/\/laultimapalabra.com.mx\/portal\/wp-json\/wp\/v2\/users\/9"}],"replies":[{"embeddable":true,"href":"https:\/\/laultimapalabra.com.mx\/portal\/wp-json\/wp\/v2\/comments?post=10269"}],"version-history":[{"count":1,"href":"https:\/\/laultimapalabra.com.mx\/portal\/wp-json\/wp\/v2\/posts\/10269\/revisions"}],"predecessor-version":[{"id":68447,"href":"https:\/\/laultimapalabra.com.mx\/portal\/wp-json\/wp\/v2\/posts\/10269\/revisions\/68447"}],"wp:featuredmedia":[{"embeddable":true,"href":"https:\/\/laultimapalabra.com.mx\/portal\/wp-json\/"}],"wp:attachment":[{"href":"https:\/\/laultimapalabra.com.mx\/portal\/wp-json\/wp\/v2\/media?parent=10269"}],"wp:term":[{"taxonomy":"category","embeddable":true,"href":"https:\/\/laultimapalabra.com.mx\/portal\/wp-json\/wp\/v2\/categories?post=10269"},{"taxonomy":"post_tag","embeddable":true,"href":"https:\/\/laultimapalabra.com.mx\/portal\/wp-json\/wp\/v2\/tags?post=10269"}],"curies":[{"name":"wp","href":"https:\/\/api.w.org\/{rel}","templated":true}]}}