                       {"id":10374,"date":"2019-09-26T22:42:32","date_gmt":"2019-09-27T03:42:32","guid":{"rendered":"http:\/\/laultimapalabra.info\/?p=10374"},"modified":"2024-12-11T08:56:19","modified_gmt":"2024-12-11T14:56:19","slug":"abre-seguro-popular-primer-modulo-rosa","status":"publish","type":"post","link":"https:\/\/laultimapalabra.com.mx\/portal\/abre-seguro-popular-primer-modulo-rosa\/","title":{"rendered":"Abre Seguro Popular primer m\u00f3dulo rosa"},"content":{"rendered":"<p style=\"text-align: justify;\">M\u00f3dulo especializado en la mujer dar\u00e1 servicio en \u201cSalvemos a Cadereyta del C\u00e1ncer de Mama, AC\u201d<\/p>\n<p style=\"text-align: justify;\"><img loading=\"lazy\" decoding=\"async\" class=\"size-medium wp-image-10375 alignright\" src=\"https:\/\/laultimapalabra.com.mx\/portal\/wp-content\/uploads\/2019\/09\/base1-15-300x225.jpg\" alt=\"\" width=\"300\" height=\"225\" \/> CADEREYTA JIM\u00c9NEZ, N.L.-<br \/>\nEl primer m\u00f3dulo de orientaci\u00f3n y afiliaci\u00f3n dirigido a la mujer, en el pa\u00eds, fue abierto el mediod\u00eda del mi\u00e9rcoles en las instalaciones de la asociaci\u00f3n \u201cSalvemos Cadereyta del C\u00e1ncer de Mama, AC, ubicado en la calle Zaragoza.<br \/>\nDespu\u00e9s de un emotivo mensaje dirigido por el doctor Sab\u00e1s Ren\u00e9 Tamez P\u00e9rez y de la directora de Afiliaci\u00f3n Karen Ch\u00e1vez Ramos se devel\u00f3 la placa alusiva al evento.<br \/>\nChavez Ramos explic\u00f3 que era un logro muy importante la inauguraci\u00f3n, ya que es el primero en el pa\u00b4s en el que se da preferencia a la salud de enfermedades propias de una mujer.<br \/>\n<img loading=\"lazy\" decoding=\"async\" class=\"size-medium wp-image-10376 alignleft\" src=\"https:\/\/laultimapalabra.com.mx\/portal\/wp-content\/uploads\/2019\/09\/base2-16-300x225.jpg\" alt=\"\" width=\"300\" height=\"225\" \/>Agradeci\u00f3 la hospitalidad a la asociaci\u00f3n que beneficia a toda aquella mujer que desee revisar su estado de salud de una mera preventiva.<br \/>\nPor su parte el doctos Sab\u00e1s, se\u00f1al\u00f3 que ya s han dado miles de consultas y revisiones por medio de la asociaci\u00f3n y que aunque el costo es alto, ya se han detectado casos a tiempo de detectar, salvando vidas con ella.<br \/>\nMartha Julia P\u00e9rez Jim\u00e9nez, fue la primera mujer en afiliarse en el Seguro Popular en dicho m\u00f3dulo y present\u00f3 su documento de afiliaci\u00f3n a los prsentes durante el evento.<\/p>\n","protected":false},"excerpt":{"rendered":"<p>M\u00f3dulo especializado en la mujer dar\u00e1 servicio en \u201cSalvemos a Cadereyta del C\u00e1ncer de Mama, AC\u201d CADEREYTA JIM\u00c9NEZ, N.L.- El primer m\u00f3dulo de orientaci\u00f3n y afiliaci\u00f3n dirigido a la mujer, en el pa\u00eds, fue abierto el mediod\u00eda del mi\u00e9rcoles en las instalaciones de la asociaci\u00f3n \u201cSalvemos Cadereyta del C\u00e1ncer de Mama, AC, ubicado en la [&hellip;]<\/p>\n","protected":false},"author":9,"featured_media":10377,"comment_status":"open","ping_status":"closed","sticky":false,"template":"","format":"standard","meta":{"footnotes":""},"categories":[17],"tags":[2339,881],"class_list":["post-10374","post","type-post","status-publish","format-standard","has-post-thumbnail","hentry","category-locales-cadereyta","tag-salvemos-a-cadereyta-de-cancer-de-mama","tag-dr-sabas-tamez-perez"],"_links":{"self":[{"href":"https:\/\/laultimapalabra.com.mx\/portal\/wp-json\/wp\/v2\/posts\/10374","targetHints":{"allow":["GET"]}}],"collection":[{"href":"https:\/\/laultimapalabra.com.mx\/portal\/wp-json\/wp\/v2\/posts"}],"about":[{"href":"https:\/\/laultimapalabra.com.mx\/portal\/wp-json\/wp\/v2\/types\/post"}],"author":[{"embeddable":true,"href":"https:\/\/laultimapalabra.com.mx\/portal\/wp-json\/wp\/v2\/users\/9"}],"replies":[{"embeddable":true,"href":"https:\/\/laultimapalabra.com.mx\/portal\/wp-json\/wp\/v2\/comments?post=10374"}],"version-history":[{"count":1,"href":"https:\/\/laultimapalabra.com.mx\/portal\/wp-json\/wp\/v2\/posts\/10374\/revisions"}],"predecessor-version":[{"id":68505,"href":"https:\/\/laultimapalabra.com.mx\/portal\/wp-json\/wp\/v2\/posts\/10374\/revisions\/68505"}],"wp:featuredmedia":[{"embeddable":true,"href":"https:\/\/laultimapalabra.com.mx\/portal\/wp-json\/"}],"wp:attachment":[{"href":"https:\/\/laultimapalabra.com.mx\/portal\/wp-json\/wp\/v2\/media?parent=10374"}],"wp:term":[{"taxonomy":"category","embeddable":true,"href":"https:\/\/laultimapalabra.com.mx\/portal\/wp-json\/wp\/v2\/categories?post=10374"},{"taxonomy":"post_tag","embeddable":true,"href":"https:\/\/laultimapalabra.com.mx\/portal\/wp-json\/wp\/v2\/tags?post=10374"}],"curies":[{"name":"wp","href":"https:\/\/api.w.org\/{rel}","templated":true}]}}