                       {"id":104361,"date":"2025-06-06T15:19:59","date_gmt":"2025-06-06T21:19:59","guid":{"rendered":"https:\/\/laultimapalabra.com.mx\/portal\/?p=104361"},"modified":"2025-06-06T15:19:59","modified_gmt":"2025-06-06T21:19:59","slug":"toma-represalias-don-colchon-y-despide-a-paristas-por-utilidades","status":"publish","type":"post","link":"https:\/\/laultimapalabra.com.mx\/portal\/toma-represalias-don-colchon-y-despide-a-paristas-por-utilidades\/","title":{"rendered":"Toma represalias &#8220;Don Colch\u00f3n&#8221; y despide a paristas por utilidades"},"content":{"rendered":"<p>Guadalupe, N.L.- Cuatro personas fueron despedidas de la empresa Sognitek, fabricante de Don Colch\u00f3n luego de participar en dos paros de labores en protesta por no recibir su pago de utilidades.<br \/>\nEl lunes fue el segundo paro de labores, que fue levantado a las dos horas, el martes se puso una denuncia ante las autoridades conciliatorias en lo laboral y el mi\u00e9rcoles acudieron a la empresa funcionarios de Profedet, quienes acordaron una reuni\u00f3n para el pr\u00f3ximo lunes.<br \/>\nEl d\u00eda de hoy, fueron llamadas cuatro personas, quienes fueron notificadas que se encontraban despedidas por &#8220;resici\u00f3n de contrato&#8221;.<br \/>\nLos afectados son : Sandra Gallegos, quie tenia de laborar 8 a\u00f1os y 9 meses; Jorge Gonz\u00e1lez, quien contaba 14 a\u00f1os de labores; David Torres con dos a\u00f1os de trabajar en Don Colch\u00f3n y Fabiola Celaya, con un a\u00f1o 7 meses de labores, a quienes se les ofrec\u00eda una indemnizaci\u00f3n de burla.<br \/>\nEl futuro de los trabajadores se encuentra en la Procuradur\u00eda del Trabajo, entidad que se espera ampare a los trabajadores ante la injusticia de la empresa Sognitek, que no permite que sus trabajadores exigen lo que por ley les corresponde.<\/p>\n","protected":false},"excerpt":{"rendered":"<p>Guadalupe, N.L.- Cuatro personas fueron despedidas de la empresa Sognitek, fabricante de Don Colch\u00f3n luego de participar en dos paros de labores en protesta por no recibir su pago de utilidades. El lunes fue el segundo paro de labores, que fue levantado a las dos horas, el martes se puso una denuncia ante las autoridades [&hellip;]<\/p>\n","protected":false},"author":14,"featured_media":104362,"comment_status":"closed","ping_status":"closed","sticky":false,"template":"","format":"standard","meta":{"footnotes":""},"categories":[15],"tags":[],"class_list":["post-104361","post","type-post","status-publish","format-standard","has-post-thumbnail","hentry","category-estado"],"_links":{"self":[{"href":"https:\/\/laultimapalabra.com.mx\/portal\/wp-json\/wp\/v2\/posts\/104361","targetHints":{"allow":["GET"]}}],"collection":[{"href":"https:\/\/laultimapalabra.com.mx\/portal\/wp-json\/wp\/v2\/posts"}],"about":[{"href":"https:\/\/laultimapalabra.com.mx\/portal\/wp-json\/wp\/v2\/types\/post"}],"author":[{"embeddable":true,"href":"https:\/\/laultimapalabra.com.mx\/portal\/wp-json\/wp\/v2\/users\/14"}],"replies":[{"embeddable":true,"href":"https:\/\/laultimapalabra.com.mx\/portal\/wp-json\/wp\/v2\/comments?post=104361"}],"version-history":[{"count":1,"href":"https:\/\/laultimapalabra.com.mx\/portal\/wp-json\/wp\/v2\/posts\/104361\/revisions"}],"predecessor-version":[{"id":104365,"href":"https:\/\/laultimapalabra.com.mx\/portal\/wp-json\/wp\/v2\/posts\/104361\/revisions\/104365"}],"wp:featuredmedia":[{"embeddable":true,"href":"https:\/\/laultimapalabra.com.mx\/portal\/wp-json\/wp\/v2\/media\/104362"}],"wp:attachment":[{"href":"https:\/\/laultimapalabra.com.mx\/portal\/wp-json\/wp\/v2\/media?parent=104361"}],"wp:term":[{"taxonomy":"category","embeddable":true,"href":"https:\/\/laultimapalabra.com.mx\/portal\/wp-json\/wp\/v2\/categories?post=104361"},{"taxonomy":"post_tag","embeddable":true,"href":"https:\/\/laultimapalabra.com.mx\/portal\/wp-json\/wp\/v2\/tags?post=104361"}],"curies":[{"name":"wp","href":"https:\/\/api.w.org\/{rel}","templated":true}]}}