                       {"id":104586,"date":"2025-06-11T19:22:08","date_gmt":"2025-06-12T01:22:08","guid":{"rendered":"https:\/\/laultimapalabra.com.mx\/portal\/?p=104586"},"modified":"2025-06-11T19:22:08","modified_gmt":"2025-06-12T01:22:08","slug":"llama-waldo-a-la-unidad-nacional-y-no-al-oportunismo-politico","status":"publish","type":"post","link":"https:\/\/laultimapalabra.com.mx\/portal\/llama-waldo-a-la-unidad-nacional-y-no-al-oportunismo-politico\/","title":{"rendered":"Llama Waldo a la unidad nacional y no al oportunismo pol\u00edtico"},"content":{"rendered":"<p>&nbsp;<\/p>\n<p>CDMX.-Desde la tribuna del Senado de la Rep\u00fablica, Waldo Fern\u00e1ndez hizo un llamado a sus compa\u00f1eras y compa\u00f1eros legisladores para actuar con responsabilidad frente a la situaci\u00f3n que enfrenta M\u00e9xico frente a la detenci\u00f3n y deportaci\u00f3n de migrantes mexicanos en Estados Unidos.<br \/>\nEl Senador se\u00f1al\u00f3 que \u201cen pol\u00edtica hay oportunidad y hay oportunismo. Hoy tenemos la oportunidad, desde este Senado de la Rep\u00fablica, de mandar un mensaje de unidad nacional\u201d.<br \/>\nDurante su intervenci\u00f3n, Fern\u00e1ndez lament\u00f3 que la oposici\u00f3n utilice tragedias humanas como lo que est\u00e1 pasando hoy en Estados Unidos con fines particulares. \u201cConvertir una tragedia humana en bot\u00edn electoral es meramente oportunismo\u201d, denunci\u00f3. En contraste, reconoci\u00f3 la postura de su bloque parlamentario: \u201cSenadoras y senadores del bloque que represento respetan esta legalidad: La patria es primero\u201d.<br \/>\nEn ese sentido, el Senador conden\u00f3 que se busque introducir temas ajenos a la coyuntura con fines de protagonismo; \u201chemos visto c\u00f3mo con oportunismo meten dentro de la agenda pol\u00edtica del d\u00eda de hoy temas que ni vienen al caso y que para lo \u00fanico que sirven es para vanagloriarse de momentos p\u00edrricos. As\u00ed de desorganizada la oposici\u00f3n, as\u00ed de mezquina\u201d.<br \/>\nAnte la importancia de lo que hoy enfrentan miles de mexicanos en Estados Unidos, el legislador llam\u00f3 a la oposici\u00f3n a detener los discursos de odio y desinformaci\u00f3n, y sobre todo, a culpar al gobierno actual de los resultados de malos gobiernos bajo sus partidos pol\u00edticos.<br \/>\nEn defensa de la comunidad migrante, Fern\u00e1ndez asegur\u00f3 que \u201cson mujeres y hombres honestos y trabajadores que cruzaron la frontera con la esperanza de una vida mejor. Sostienen a millones de familias, pagan impuestos, fortalecen la econom\u00eda y cumplen con sus obligaciones c\u00edvicas\u201d.<br \/>\nAsimismo, refrend\u00f3 su respaldo a la Presidenta de M\u00e9xico, al Gobierno Federal y a la Secretar\u00eda de Relaciones Exteriores: \u201cDesde este poder legislativo respaldamos plenamente la postura de la presidenta y condenamos en\u00e9rgicamente la desinformaci\u00f3n y la mezquindad que da\u00f1a a esta naci\u00f3n. Reconocemos la labor activa de la Secretar\u00eda de Relaciones Exteriores y de nuestros consulados\u201d.<br \/>\nEl Senador concluy\u00f3 haciendo un momento a cerrar filas en torno al Estado Mexicano \u201cque abraza a su gente con firmeza, con dignidad, que exige respeto, que exige justicia m\u00e1s all\u00e1 de nuestras\u00a0fronteras\u201d.<\/p>\n","protected":false},"excerpt":{"rendered":"<p>&nbsp; CDMX.-Desde la tribuna del Senado de la Rep\u00fablica, Waldo Fern\u00e1ndez hizo un llamado a sus compa\u00f1eras y compa\u00f1eros legisladores para actuar con responsabilidad frente a la situaci\u00f3n que enfrenta M\u00e9xico frente a la detenci\u00f3n y deportaci\u00f3n de migrantes mexicanos en Estados Unidos. El Senador se\u00f1al\u00f3 que \u201cen pol\u00edtica hay oportunidad y hay oportunismo. Hoy [&hellip;]<\/p>\n","protected":false},"author":14,"featured_media":104584,"comment_status":"closed","ping_status":"closed","sticky":false,"template":"","format":"standard","meta":{"footnotes":""},"categories":[15],"tags":[],"class_list":["post-104586","post","type-post","status-publish","format-standard","has-post-thumbnail","hentry","category-estado"],"_links":{"self":[{"href":"https:\/\/laultimapalabra.com.mx\/portal\/wp-json\/wp\/v2\/posts\/104586","targetHints":{"allow":["GET"]}}],"collection":[{"href":"https:\/\/laultimapalabra.com.mx\/portal\/wp-json\/wp\/v2\/posts"}],"about":[{"href":"https:\/\/laultimapalabra.com.mx\/portal\/wp-json\/wp\/v2\/types\/post"}],"author":[{"embeddable":true,"href":"https:\/\/laultimapalabra.com.mx\/portal\/wp-json\/wp\/v2\/users\/14"}],"replies":[{"embeddable":true,"href":"https:\/\/laultimapalabra.com.mx\/portal\/wp-json\/wp\/v2\/comments?post=104586"}],"version-history":[{"count":1,"href":"https:\/\/laultimapalabra.com.mx\/portal\/wp-json\/wp\/v2\/posts\/104586\/revisions"}],"predecessor-version":[{"id":104587,"href":"https:\/\/laultimapalabra.com.mx\/portal\/wp-json\/wp\/v2\/posts\/104586\/revisions\/104587"}],"wp:featuredmedia":[{"embeddable":true,"href":"https:\/\/laultimapalabra.com.mx\/portal\/wp-json\/wp\/v2\/media\/104584"}],"wp:attachment":[{"href":"https:\/\/laultimapalabra.com.mx\/portal\/wp-json\/wp\/v2\/media?parent=104586"}],"wp:term":[{"taxonomy":"category","embeddable":true,"href":"https:\/\/laultimapalabra.com.mx\/portal\/wp-json\/wp\/v2\/categories?post=104586"},{"taxonomy":"post_tag","embeddable":true,"href":"https:\/\/laultimapalabra.com.mx\/portal\/wp-json\/wp\/v2\/tags?post=104586"}],"curies":[{"name":"wp","href":"https:\/\/api.w.org\/{rel}","templated":true}]}}