                       {"id":10467,"date":"2019-10-03T22:57:52","date_gmt":"2019-10-04T03:57:52","guid":{"rendered":"http:\/\/laultimapalabra.info\/?p=10467"},"modified":"2024-12-11T08:56:20","modified_gmt":"2024-12-11T14:56:20","slug":"un-29-de-septiembre-de-1810-llega-la-noticia-a-nuevo-leon","status":"publish","type":"post","link":"https:\/\/laultimapalabra.com.mx\/portal\/un-29-de-septiembre-de-1810-llega-la-noticia-a-nuevo-leon\/","title":{"rendered":"Un 29 de septiembre de 1810, llega la noticia a Nuevo Le\u00f3n\u2026.."},"content":{"rendered":"<p style=\"text-align: justify;\">Por: Dr. Jos\u00e9 Ascenci\u00f3n Tijerina Flores<\/p>\n<div id=\"attachment_10468\" style=\"width: 310px\" class=\"wp-caption alignright\"><img loading=\"lazy\" decoding=\"async\" aria-describedby=\"caption-attachment-10468\" class=\"size-medium wp-image-10468\" src=\"https:\/\/laultimapalabra.com.mx\/portal\/wp-content\/uploads\/2019\/10\/columna-mariana-recorridos-mariano-jimenez-la-importancia-de-quienes-no-recordamos-a-copia-300x137.jpg\" alt=\"\" width=\"300\" height=\"137\" \/><p id=\"caption-attachment-10468\" class=\"wp-caption-text\">Mariano Jim\u00e9nez, la importancia de quienes no recordamos<\/p><\/div>\n<p style=\"text-align: justify;\">En esta fecha se sabe en Monterrey y la regi\u00f3n de un movimiento insurgente nacido en Dolores y dirigido por el cura Jos\u00e9 Miguel Gregorio Antonio Hidalgo y Costilla.<br \/>\nLa sociedad Neolonesa registr\u00f3 cierta conmoci\u00f3n sobre todo en las clases acomodadas, el Gobernador Manuel de Santa Mar\u00eda se dispon\u00eda a enviar tropas a San Luis Potos\u00ed, tal como se lo hab\u00eda pedido el intendente Militar Potosino F\u00e9lix Mar\u00eda Calleja, para combatir los sublevados.<br \/>\nEl Gobernador del Nuevo Reino de Le\u00f3n, Manuel de Santa Mar\u00eda, un espa\u00f1ol ilustrado que entend\u00eda los modernos conceptos de la libertad y nacionalismo, estaba en principio convencido por su formaci\u00f3n disciplinaria castrense (Militar) de que ese movimiento deb\u00eda ser combatido por desconocer sus planteamientos ideol\u00f3gicos, sin embargo, despu\u00e9s de que su lugarteniente Juan Ignacio Ram\u00f3n le informara de las causas que enarbolaban los insurgentes: Como la abolici\u00f3n de las castas y de la esclavitud para iniciar una naci\u00f3n independiente y m\u00e1s justa, cambio de parecer.<br \/>\nAdicionalmente el an\u00e1lisis de Ram\u00f3n que le hizo llegar a Santa Mar\u00eda proveniente del Ing. Minero Jos\u00e9 Mariano Jim\u00e9nez inclu\u00eda documentos con el perfil de los dirigentes de este grupo insurgente.<br \/>\n\u201cSon bien criados y muy pol\u00edticos, al nativo que practica la inconformidad nada se le dificulta. Al europeo que se presenta y justifica su honrad\u00e9s, no se le molesta, a los hombres buenos y calificados de sus sanos procedimientos, no los recogen y los dejan con sus esposas e hijos gozando sin quebranto de sus fincas y sus caudales que poseen\u201d.<br \/>\nEl conocimiento del sustento filos\u00f3fico en nuestro Estado por tales motivos tuvo grandes repercusiones por tales causas, porque el Gobernador Santa Mar\u00eda terminar\u00eda convertido tambi\u00e9n en un insurgente m\u00e1s.<br \/>\nFuente: \u201cManuel de Santa Mar\u00eda de Gobernador a Insurgente\u201d.<br \/>\nEditado por el H. Congreso del Estado de Nuevo Le\u00f3n LXXII legislatura.<br \/>\nGracias<\/p>\n<p style=\"text-align: justify;\">\n","protected":false},"excerpt":{"rendered":"<p>Por: Dr. Jos\u00e9 Ascenci\u00f3n Tijerina Flores En esta fecha se sabe en Monterrey y la regi\u00f3n de un movimiento insurgente nacido en Dolores y dirigido por el cura Jos\u00e9 Miguel Gregorio Antonio Hidalgo y Costilla. La sociedad Neolonesa registr\u00f3 cierta conmoci\u00f3n sobre todo en las clases acomodadas, el Gobernador Manuel de Santa Mar\u00eda se dispon\u00eda [&hellip;]<\/p>\n","protected":false},"author":9,"featured_media":10468,"comment_status":"open","ping_status":"closed","sticky":false,"template":"","format":"standard","meta":{"footnotes":""},"categories":[1],"tags":[879],"class_list":["post-10467","post","type-post","status-publish","format-standard","has-post-thumbnail","hentry","category-noticias","tag-dr-jose-ascencion-tijerina-flores"],"_links":{"self":[{"href":"https:\/\/laultimapalabra.com.mx\/portal\/wp-json\/wp\/v2\/posts\/10467","targetHints":{"allow":["GET"]}}],"collection":[{"href":"https:\/\/laultimapalabra.com.mx\/portal\/wp-json\/wp\/v2\/posts"}],"about":[{"href":"https:\/\/laultimapalabra.com.mx\/portal\/wp-json\/wp\/v2\/types\/post"}],"author":[{"embeddable":true,"href":"https:\/\/laultimapalabra.com.mx\/portal\/wp-json\/wp\/v2\/users\/9"}],"replies":[{"embeddable":true,"href":"https:\/\/laultimapalabra.com.mx\/portal\/wp-json\/wp\/v2\/comments?post=10467"}],"version-history":[{"count":1,"href":"https:\/\/laultimapalabra.com.mx\/portal\/wp-json\/wp\/v2\/posts\/10467\/revisions"}],"predecessor-version":[{"id":68553,"href":"https:\/\/laultimapalabra.com.mx\/portal\/wp-json\/wp\/v2\/posts\/10467\/revisions\/68553"}],"wp:featuredmedia":[{"embeddable":true,"href":"https:\/\/laultimapalabra.com.mx\/portal\/wp-json\/"}],"wp:attachment":[{"href":"https:\/\/laultimapalabra.com.mx\/portal\/wp-json\/wp\/v2\/media?parent=10467"}],"wp:term":[{"taxonomy":"category","embeddable":true,"href":"https:\/\/laultimapalabra.com.mx\/portal\/wp-json\/wp\/v2\/categories?post=10467"},{"taxonomy":"post_tag","embeddable":true,"href":"https:\/\/laultimapalabra.com.mx\/portal\/wp-json\/wp\/v2\/tags?post=10467"}],"curies":[{"name":"wp","href":"https:\/\/api.w.org\/{rel}","templated":true}]}}