                       {"id":10510,"date":"2019-10-04T00:13:29","date_gmt":"2019-10-04T05:13:29","guid":{"rendered":"http:\/\/laultimapalabra.info\/?p=10510"},"modified":"2024-12-11T08:56:21","modified_gmt":"2024-12-11T14:56:21","slug":"usted-tiene-la-ultima-palabra-81","status":"publish","type":"post","link":"https:\/\/laultimapalabra.com.mx\/portal\/usted-tiene-la-ultima-palabra-81\/","title":{"rendered":"Usted tiene&#8230; La \u00daltima Palabra"},"content":{"rendered":"<p style=\"text-align: justify;\"><strong><img loading=\"lazy\" decoding=\"async\" class=\"size-medium wp-image-390 alignleft\" src=\"https:\/\/laultimapalabra.com.mx\/portal\/wp-content\/uploads\/2018\/02\/28169846_1705449459476714_78449556_o-203x300.jpg\" alt=\"\" width=\"203\" height=\"300\" \/>P\u00f3nganse a trabajar<\/strong><\/p>\n<p style=\"text-align: justify;\">Por: Ing. Jes\u00fas Herrera R\u00e1bago<\/p>\n<p style=\"text-align: justify;\">Uno de los problemas m\u00e1s graves en M\u00e9xico y en todo el mundo, as\u00ed como en las organizaciones y hasta en las familias, es cuando las personas se extralimitan de sus funciones o de lo que la ley les faculta.<br \/>\nEn d\u00edas pasados el Congreso del Estado, a trav\u00e9s de un punto de acuerdo, declararon \u201ca los ciudadanos Pedro Salmer\u00f3n Sangin\u00e9s y Gerardo Fern\u00e1ndez Noro\u00f1a, \u201cPersonas non gratas\u201d para el Estado de Nuevo Le\u00f3n, por el desafortunado e indignante comentario de calificar como \u201cj\u00f3venes valientes\u201d a los cobardes asesinos de Don Eugenio Garza Sada, en tanto no ofrezca una disculpa p\u00fablica y se retracte de sus comentarios\u201d.<br \/>\nIndependientemente de lo controversial y pol\u00e9mico que puede ser el tema, donde se pueden dar comentarios de todo tipo, a favor o en contra, el tema central es que el Congreso no tiene la facultad de declarar no grata a una persona, ese proceso corresponde a un pa\u00eds y despu\u00e9s de realizar un juicio por parte de la Secretar\u00eda de Relaciones exteriores.<br \/>\nEs vergonzoso que el poder legislativo de uno de los estados con m\u00e1s progreso de M\u00e9xico, tenga ese nivel de legisladores, que utilizan la tribuna para llamar la atenci\u00f3n o subirse a cualquier tema con tal de ganar algo de popularidad.<br \/>\nPor lo mismo, el diputado Gerardo Fern\u00e1ndez Noro\u00f1a pidi\u00f3 un amparo contra este acto oficial del Congreso e inmediatamente se lo concedieron, basado en los art\u00edculos 125 y 126 de la Ley de Amparo, el juez declar\u00f3: &#8220;(\u2026) se concede la suspensi\u00f3n de plano, para el efecto de que las cosas se mantengan en el estado que se encuentran y las autoridades responsables se abstengan de llevar a cabo actos que puedan privar ilegalmente de la libertad a los quejosos (Fern\u00e1ndez Noro\u00f1a y Salmer\u00f3n Sangin\u00e9s), fuera de procedimiento judicial, o bien impedir el libre tr\u00e1nsito dentro del estado de Nuevo Le\u00f3n, o en uno diverso, con motivo del acto reclamado, es decir el acuerdo que los declar\u00f3 personas non gratas\u201d.<br \/>\nEn pocas palabra el juez dice que su acuerdo sirve para dos cosas: \u201cpara nada y para nada\u201d, y con esto se demuestra la ignorancia legal que se maneja nuestro Congreso; o si fuera el caso de que supieran que era improcedente y aun as\u00ed lo aprobaron, esto comprobar\u00eda el mal uso de la m\u00e1xima Tribuna del Estado que hacen estos pseudo-legisladores para tratar \u201cgrilla barata\u201d.<br \/>\nHabiendo tantos temas importantes y urgentes para sacar adelante a nuestro Estado, los diputados se la pasan haciendo el rid\u00edculo con este tipo de acuerdos y exhortos que terminan en el bote de la basura.<br \/>\nAs\u00ed las cosas, ahora Fern\u00e1ndez Noro\u00f1a tiene raz\u00f3n en pedir una disculpa por parte del Congreso, y de paso deber\u00edan pedir disculpas al pueblo de Nuevo Le\u00f3n por la \u201cbajeza pol\u00edtica\u201d con que se manejan. Adem\u00e1s, por si fuera poco, Don Eugenio no necesita que lo defiendan, su vida y su legado son incuestionables, hasta me atrevo a decir que si viviera les dir\u00eda: p\u00f3nganse a trabajar en lugar de estar perdiendo el tiempo.<br \/>\nEsta es mi opini\u00f3n, usted tiene La \u00daltima Palabra.<\/p>\n","protected":false},"excerpt":{"rendered":"<p>P\u00f3nganse a trabajar Por: Ing. Jes\u00fas Herrera R\u00e1bago Uno de los problemas m\u00e1s graves en M\u00e9xico y en todo el mundo, as\u00ed como en las organizaciones y hasta en las familias, es cuando las personas se extralimitan de sus funciones o de lo que la ley les faculta. En d\u00edas pasados el Congreso del Estado, [&hellip;]<\/p>\n","protected":false},"author":9,"featured_media":390,"comment_status":"open","ping_status":"closed","sticky":false,"template":"","format":"standard","meta":{"footnotes":""},"categories":[1],"tags":[1278],"class_list":["post-10510","post","type-post","status-publish","format-standard","has-post-thumbnail","hentry","category-noticias","tag-ing-jesus-herrera-rabago"],"_links":{"self":[{"href":"https:\/\/laultimapalabra.com.mx\/portal\/wp-json\/wp\/v2\/posts\/10510","targetHints":{"allow":["GET"]}}],"collection":[{"href":"https:\/\/laultimapalabra.com.mx\/portal\/wp-json\/wp\/v2\/posts"}],"about":[{"href":"https:\/\/laultimapalabra.com.mx\/portal\/wp-json\/wp\/v2\/types\/post"}],"author":[{"embeddable":true,"href":"https:\/\/laultimapalabra.com.mx\/portal\/wp-json\/wp\/v2\/users\/9"}],"replies":[{"embeddable":true,"href":"https:\/\/laultimapalabra.com.mx\/portal\/wp-json\/wp\/v2\/comments?post=10510"}],"version-history":[{"count":1,"href":"https:\/\/laultimapalabra.com.mx\/portal\/wp-json\/wp\/v2\/posts\/10510\/revisions"}],"predecessor-version":[{"id":68577,"href":"https:\/\/laultimapalabra.com.mx\/portal\/wp-json\/wp\/v2\/posts\/10510\/revisions\/68577"}],"wp:featuredmedia":[{"embeddable":true,"href":"https:\/\/laultimapalabra.com.mx\/portal\/wp-json\/"}],"wp:attachment":[{"href":"https:\/\/laultimapalabra.com.mx\/portal\/wp-json\/wp\/v2\/media?parent=10510"}],"wp:term":[{"taxonomy":"category","embeddable":true,"href":"https:\/\/laultimapalabra.com.mx\/portal\/wp-json\/wp\/v2\/categories?post=10510"},{"taxonomy":"post_tag","embeddable":true,"href":"https:\/\/laultimapalabra.com.mx\/portal\/wp-json\/wp\/v2\/tags?post=10510"}],"curies":[{"name":"wp","href":"https:\/\/api.w.org\/{rel}","templated":true}]}}