                       {"id":1055,"date":"2018-04-06T00:59:00","date_gmt":"2018-04-06T00:59:00","guid":{"rendered":"http:\/\/laultimapalabra.info\/?p=1055"},"modified":"2024-12-11T08:37:06","modified_gmt":"2024-12-11T14:37:06","slug":"sabas-ya-es-candidato-de-alianza","status":"publish","type":"post","link":"https:\/\/laultimapalabra.com.mx\/portal\/sabas-ya-es-candidato-de-alianza\/","title":{"rendered":"Sab\u00e1s ya es candidato de Alianza"},"content":{"rendered":"<p style=\"text-align: justify;\">CADEREYTA JIM\u00c9NEZ, N.L.- Poco despu\u00e9s de las 12:00 del mediod\u00eda, el doctor Sab\u00e1s Ren\u00e9 Tamez P\u00e9rez, pas\u00f3 a la mesa de registros para la apuntarse para la candidatura a la alcald\u00eda de Cadereyta Jim\u00e9nez, por el Partido Nueva Alianza.<br \/>\nVestido con traje de color turquesa y con tenis deportivos, el m\u00e9dico de profesi\u00f3n entreg\u00f3 su papeler\u00eda y el total de su planilla ante los funcionarios de la Comisi\u00f3n Estatal Electoral, el mi\u00e9rcoles pasado, acompa\u00f1ado con el l\u00edder estatal de los maestros.<br \/>\n\u201cEste es uno de los d\u00edas m\u00e1s importantes no solo para mi sino para Cadereyta, donde va a ser un cambio de este a oeste, de norte a sur\u201d, dijo el aspirante despu\u00e9s del registro en rueda de prensa en el apartado para entrevistas en el s\u00f3tano de la Comisi\u00f3n Estatal Electoral.<br \/>\nMencion\u00f3 que buscar\u00e1 cortar los \u201chilos\u201d pol\u00edticos de quienes llam\u00f3 pseudo pol\u00edticos al tiempo que se pronunciaba por un gobierno modernista y progresista, donde se quitar\u00e1 la forma de gobernar.<\/p>\n","protected":false},"excerpt":{"rendered":"<p>CADEREYTA JIM\u00c9NEZ, N.L.- Poco despu\u00e9s de las 12:00 del mediod\u00eda, el doctor Sab\u00e1s Ren\u00e9 Tamez P\u00e9rez, pas\u00f3 a la mesa de registros para la apuntarse para la candidatura a la alcald\u00eda de Cadereyta Jim\u00e9nez, por el Partido Nueva Alianza. Vestido con traje de color turquesa y con tenis deportivos, el m\u00e9dico de profesi\u00f3n entreg\u00f3 su [&hellip;]<\/p>\n","protected":false},"author":9,"featured_media":0,"comment_status":"open","ping_status":"closed","sticky":false,"template":"","format":"standard","meta":{"footnotes":""},"categories":[17],"tags":[1696,2063],"class_list":["post-1055","post","type-post","status-publish","format-standard","hentry","category-locales-cadereyta","tag-panal-cadereyta","tag-sabas-rene-tamez-perez"],"_links":{"self":[{"href":"https:\/\/laultimapalabra.com.mx\/portal\/wp-json\/wp\/v2\/posts\/1055","targetHints":{"allow":["GET"]}}],"collection":[{"href":"https:\/\/laultimapalabra.com.mx\/portal\/wp-json\/wp\/v2\/posts"}],"about":[{"href":"https:\/\/laultimapalabra.com.mx\/portal\/wp-json\/wp\/v2\/types\/post"}],"author":[{"embeddable":true,"href":"https:\/\/laultimapalabra.com.mx\/portal\/wp-json\/wp\/v2\/users\/9"}],"replies":[{"embeddable":true,"href":"https:\/\/laultimapalabra.com.mx\/portal\/wp-json\/wp\/v2\/comments?post=1055"}],"version-history":[{"count":1,"href":"https:\/\/laultimapalabra.com.mx\/portal\/wp-json\/wp\/v2\/posts\/1055\/revisions"}],"predecessor-version":[{"id":63581,"href":"https:\/\/laultimapalabra.com.mx\/portal\/wp-json\/wp\/v2\/posts\/1055\/revisions\/63581"}],"wp:attachment":[{"href":"https:\/\/laultimapalabra.com.mx\/portal\/wp-json\/wp\/v2\/media?parent=1055"}],"wp:term":[{"taxonomy":"category","embeddable":true,"href":"https:\/\/laultimapalabra.com.mx\/portal\/wp-json\/wp\/v2\/categories?post=1055"},{"taxonomy":"post_tag","embeddable":true,"href":"https:\/\/laultimapalabra.com.mx\/portal\/wp-json\/wp\/v2\/tags?post=1055"}],"curies":[{"name":"wp","href":"https:\/\/api.w.org\/{rel}","templated":true}]}}