                       {"id":1057,"date":"2018-04-06T01:05:03","date_gmt":"2018-04-06T01:05:03","guid":{"rendered":"http:\/\/laultimapalabra.info\/?p=1057"},"modified":"2024-12-11T08:37:06","modified_gmt":"2024-12-11T14:37:06","slug":"gil-cardoza-candidato","status":"publish","type":"post","link":"https:\/\/laultimapalabra.com.mx\/portal\/gil-cardoza-candidato\/","title":{"rendered":"Gil Cardoza candidato"},"content":{"rendered":"<p style=\"text-align: justify;\"><img loading=\"lazy\" decoding=\"async\" class=\"size-medium wp-image-1058 alignright\" src=\"https:\/\/laultimapalabra.com.mx\/portal\/wp-content\/uploads\/2018\/04\/MG_0177-300x200.jpg\" alt=\"\" width=\"300\" height=\"200\" \/> Miguel Oscar P\u00e9rez<br \/>\nCADEREYTA JIM\u00c9NEZ, N.L.-\u00a0El pasado tres de abril a las 5:00 de la tarde Gil Cardoza acudi\u00f3 a la mesa de registro de la Comisi\u00f3n Estatal Electoral, para inscribirse como candidato independiente a la alcald\u00eda de Cadereyta Jim\u00e9nez.<br \/>\nRodeado de un buen n\u00famero de ciudadanos, la mayor\u00eda de j\u00f3venes, Gilberto Cardoza, qued\u00f3 registrado como un candidato m\u00e1s a la alcald\u00eda jimenense.<br \/>\n<img loading=\"lazy\" decoding=\"async\" class=\"size-medium wp-image-1059 alignleft\" src=\"https:\/\/laultimapalabra.com.mx\/portal\/wp-content\/uploads\/2018\/04\/AJ5H4929-300x200.jpg\" alt=\"\" width=\"300\" height=\"200\" \/>&#8220;Al ser independiente mucha gente juzga que por no tener una estructura partidista o de ser determinante para no ganarla, yo creo que ahorita es necesario no tener esta estructura para hacer un buen papel, porque los compromisos son directamente con la ciudadan\u00eda&#8221;, mencion\u00f3 el ex secretario ejecutivo de la pasada administraci\u00f3n a los medios de comunicaci\u00f3n.<br \/>\n<img loading=\"lazy\" decoding=\"async\" class=\"size-medium wp-image-1061 alignright\" src=\"https:\/\/laultimapalabra.com.mx\/portal\/wp-content\/uploads\/2018\/04\/AJ5H5156-300x200.jpg\" alt=\"\" width=\"300\" height=\"200\" \/>A\u00f1adi\u00f3 que va a su favor llegar a las boletas sin partido, ya que no hay compromiso con c\u00fapulas pol\u00edticas y ese hecho ser\u00e1 capitalizado<br \/>\n&#8220;Va a ser un proceso que va a estar interesante, las corrientes pol\u00edticas que ahorita est\u00e1n en Cadereyta son varias, el hartazgo de la gente es el dato com\u00fan que va a protagonizar el resultado de la siguiente elecci\u00f3n\u201d, argument\u00f3.<br \/>\nEl candidato independiente, licenciado en Ciencias de la Comunicaci\u00f3n, mencion\u00f3 que palpa mucha aceptaci\u00f3n en la gente, y con un: \u201cvamos bien\u201d, se dijo confiado en obtener la alcald\u00eda de Cadereyta el primero de julio.<\/p>\n","protected":false},"excerpt":{"rendered":"<p>Miguel Oscar P\u00e9rez CADEREYTA JIM\u00c9NEZ, N.L.-\u00a0El pasado tres de abril a las 5:00 de la tarde Gil Cardoza acudi\u00f3 a la mesa de registro de la Comisi\u00f3n Estatal Electoral, para inscribirse como candidato independiente a la alcald\u00eda de Cadereyta Jim\u00e9nez. Rodeado de un buen n\u00famero de ciudadanos, la mayor\u00eda de j\u00f3venes, Gilberto Cardoza, qued\u00f3 registrado [&hellip;]<\/p>\n","protected":false},"author":9,"featured_media":1060,"comment_status":"open","ping_status":"closed","sticky":false,"template":"","format":"standard","meta":{"footnotes":""},"categories":[17],"tags":[1146],"class_list":["post-1057","post","type-post","status-publish","format-standard","has-post-thumbnail","hentry","category-locales-cadereyta","tag-gil-cardoza"],"_links":{"self":[{"href":"https:\/\/laultimapalabra.com.mx\/portal\/wp-json\/wp\/v2\/posts\/1057","targetHints":{"allow":["GET"]}}],"collection":[{"href":"https:\/\/laultimapalabra.com.mx\/portal\/wp-json\/wp\/v2\/posts"}],"about":[{"href":"https:\/\/laultimapalabra.com.mx\/portal\/wp-json\/wp\/v2\/types\/post"}],"author":[{"embeddable":true,"href":"https:\/\/laultimapalabra.com.mx\/portal\/wp-json\/wp\/v2\/users\/9"}],"replies":[{"embeddable":true,"href":"https:\/\/laultimapalabra.com.mx\/portal\/wp-json\/wp\/v2\/comments?post=1057"}],"version-history":[{"count":1,"href":"https:\/\/laultimapalabra.com.mx\/portal\/wp-json\/wp\/v2\/posts\/1057\/revisions"}],"predecessor-version":[{"id":63583,"href":"https:\/\/laultimapalabra.com.mx\/portal\/wp-json\/wp\/v2\/posts\/1057\/revisions\/63583"}],"wp:featuredmedia":[{"embeddable":true,"href":"https:\/\/laultimapalabra.com.mx\/portal\/wp-json\/"}],"wp:attachment":[{"href":"https:\/\/laultimapalabra.com.mx\/portal\/wp-json\/wp\/v2\/media?parent=1057"}],"wp:term":[{"taxonomy":"category","embeddable":true,"href":"https:\/\/laultimapalabra.com.mx\/portal\/wp-json\/wp\/v2\/categories?post=1057"},{"taxonomy":"post_tag","embeddable":true,"href":"https:\/\/laultimapalabra.com.mx\/portal\/wp-json\/wp\/v2\/tags?post=1057"}],"curies":[{"name":"wp","href":"https:\/\/api.w.org\/{rel}","templated":true}]}}