                       {"id":10575,"date":"2019-10-10T17:20:21","date_gmt":"2019-10-10T22:20:21","guid":{"rendered":"http:\/\/laultimapalabra.info\/?p=10575"},"modified":"2024-12-11T08:56:21","modified_gmt":"2024-12-11T14:56:21","slug":"la-foto-del-recuerdo-28","status":"publish","type":"post","link":"https:\/\/laultimapalabra.com.mx\/portal\/la-foto-del-recuerdo-28\/","title":{"rendered":"La Foto del Recuerdo"},"content":{"rendered":"<p><img loading=\"lazy\" decoding=\"async\" class=\"alignnone size-medium wp-image-10572\" src=\"https:\/\/laultimapalabra.com.mx\/portal\/wp-content\/uploads\/2019\/10\/11986547_1070816499598330_7203831562992015452_n-237x300.jpg\" alt=\"\" width=\"237\" height=\"300\" \/><\/p>\n<p style=\"text-align: justify;\">En diciembre de 1914, en honor al presidente Madero asesinado en febrero del a\u00f1o anterior, el general Francisco Villa coloc\u00f3 la placa con la que le cambi\u00f3 el nombre a la antigua calle de Plateros. Seg\u00fan las cr\u00f3nicas, el Centauro amenaz\u00f3 con buscar y matar al que osara retirarla.<\/p>\n","protected":false},"excerpt":{"rendered":"<p>En diciembre de 1914, en honor al presidente Madero asesinado en febrero del a\u00f1o anterior, el general Francisco Villa coloc\u00f3 la placa con la que le cambi\u00f3 el nombre a la antigua calle de Plateros. Seg\u00fan las cr\u00f3nicas, el Centauro amenaz\u00f3 con buscar y matar al que osara retirarla.<\/p>\n","protected":false},"author":9,"featured_media":10572,"comment_status":"open","ping_status":"closed","sticky":false,"template":"","format":"standard","meta":{"footnotes":""},"categories":[1],"tags":[1095],"class_list":["post-10575","post","type-post","status-publish","format-standard","has-post-thumbnail","hentry","category-noticias","tag-foto-del-recuerdo"],"_links":{"self":[{"href":"https:\/\/laultimapalabra.com.mx\/portal\/wp-json\/wp\/v2\/posts\/10575","targetHints":{"allow":["GET"]}}],"collection":[{"href":"https:\/\/laultimapalabra.com.mx\/portal\/wp-json\/wp\/v2\/posts"}],"about":[{"href":"https:\/\/laultimapalabra.com.mx\/portal\/wp-json\/wp\/v2\/types\/post"}],"author":[{"embeddable":true,"href":"https:\/\/laultimapalabra.com.mx\/portal\/wp-json\/wp\/v2\/users\/9"}],"replies":[{"embeddable":true,"href":"https:\/\/laultimapalabra.com.mx\/portal\/wp-json\/wp\/v2\/comments?post=10575"}],"version-history":[{"count":1,"href":"https:\/\/laultimapalabra.com.mx\/portal\/wp-json\/wp\/v2\/posts\/10575\/revisions"}],"predecessor-version":[{"id":68611,"href":"https:\/\/laultimapalabra.com.mx\/portal\/wp-json\/wp\/v2\/posts\/10575\/revisions\/68611"}],"wp:featuredmedia":[{"embeddable":true,"href":"https:\/\/laultimapalabra.com.mx\/portal\/wp-json\/"}],"wp:attachment":[{"href":"https:\/\/laultimapalabra.com.mx\/portal\/wp-json\/wp\/v2\/media?parent=10575"}],"wp:term":[{"taxonomy":"category","embeddable":true,"href":"https:\/\/laultimapalabra.com.mx\/portal\/wp-json\/wp\/v2\/categories?post=10575"},{"taxonomy":"post_tag","embeddable":true,"href":"https:\/\/laultimapalabra.com.mx\/portal\/wp-json\/wp\/v2\/tags?post=10575"}],"curies":[{"name":"wp","href":"https:\/\/api.w.org\/{rel}","templated":true}]}}