                       {"id":1063,"date":"2018-04-06T01:15:31","date_gmt":"2018-04-06T01:15:31","guid":{"rendered":"http:\/\/laultimapalabra.info\/?p=1063"},"modified":"2024-12-11T08:37:06","modified_gmt":"2024-12-11T14:37:06","slug":"tenchis-garcia-candidata-del-pan","status":"publish","type":"post","link":"https:\/\/laultimapalabra.com.mx\/portal\/tenchis-garcia-candidata-del-pan\/","title":{"rendered":"Tenchis Garc\u00eda, candidata del PAN"},"content":{"rendered":"<p style=\"text-align: justify;\"><img loading=\"lazy\" decoding=\"async\" class=\"size-medium wp-image-1064 alignleft\" src=\"https:\/\/laultimapalabra.com.mx\/portal\/wp-content\/uploads\/2018\/04\/A3A5272-300x200.jpg\" alt=\"\" width=\"300\" height=\"200\" \/> Miguel Oscar P\u00e9rez<\/p>\n<p style=\"text-align: justify;\">CADEREYTA JIM\u00c9NEZ, N.L.- Ataviada con un coordinado color hueso y una blusa estampada, arrib\u00f3 a la Comisi\u00f3n Estatal Electoral, Hortencia Garc\u00eda Elizondo, para registrar su candidatura a la presidencia municipal de Cadereyta para el periodo 2018-2021, por el Partido Acci\u00f3n Nacional.<\/p>\n<p style=\"text-align: justify;\">Acompa\u00f1ada de sus familiares y parte de su planilla, arrib\u00f3 al edificio de la CEE el lunes dos de abril y de manera sencilla y un tanto discreta, Tenchis Garc\u00eda, entreg\u00f3 la documentaci\u00f3n requerida y parte de los requisitos para cumplir con el protocolo de inscripci\u00f3n.<\/p>\n<p style=\"text-align: justify;\">En entrevista con los medios de comunicaci\u00f3n, despu\u00e9s del registro, Garc\u00eda Elizondo dijo haber tomado esa decisi\u00f3n por amor que tiene al lugar que la vio nacer, crecer a ella y a su familia.<\/p>\n<p style=\"text-align: justify;\"><img loading=\"lazy\" decoding=\"async\" class=\"size-medium wp-image-1065 alignleft\" src=\"https:\/\/laultimapalabra.com.mx\/portal\/wp-content\/uploads\/2018\/04\/A3A5276-300x200.jpg\" alt=\"\" width=\"300\" height=\"200\" \/>\u201cMucha emoci\u00f3n porque al fin voy a poder hacer algo por mi pueblo, estoy segura, porque ahora si lleg\u00f3 alguien que va a ser mucho por Cadereyta\u201d, dijo en entrevista.<\/p>\n<p style=\"text-align: justify;\">Dijo sentirse motivada por las incontables muestras de cari\u00f1o por parte de los jimenenses que la animan a echarle ganas para ganar la alcald\u00eda.<\/p>\n<p style=\"text-align: justify;\">\u00bfConf\u00eda en hacer un buen papel en la boleta del primero de julio?<\/p>\n<p style=\"text-align: justify;\">\u201c\u00a1Claro que s\u00ed!\u201d<\/p>\n<p style=\"text-align: justify;\">\u00bfNo teme al machismo de algunos votantes?<\/p>\n<p style=\"text-align: justify;\">\u201cNo, para nada, conf\u00edo en que juntos con los hombres que vamos a conformar mi administraci\u00f3n vamos a lograr un cambio verdadero en nuestro municipio\u201d, sostuvo.<\/p>\n<p style=\"text-align: justify;\">Se le cuestion\u00f3 sobre la respuesta que dar\u00eda a quienes dicen que Cadereyta no est\u00e1 preparada para ser gobernada por una mujer.<\/p>\n<p style=\"text-align: justify;\">\u201cMuchas mujeres no solo han gobernado ciudades, sino estados de la rep\u00fablica y hasta pa\u00edses. La mujer tiene capacidad para gobernar al igual que los hombres\u201d, recalc\u00f3.<\/p>\n<p style=\"text-align: justify;\">Mencion\u00f3 que haciendo memoria desde la \u00e9poca virreinal hubo mujeres que lograron un cambio como do\u00f1a Josefa Ortiz de Dom\u00ednguez, colaborando para la independencia de M\u00e9xico y 100 a\u00f1os despu\u00e9s el trabajo de las \u201cadelitas\u201d, \u201clas rieleras\u201d y tantas mujeres fueron determinantes en la Revoluci\u00f3n Mexicana<\/p>\n<p style=\"text-align: justify;\">\u201cEso ya es un tab\u00fa que qued\u00f3 en el pasado, las mujeres ya nos damos cuenta d\u00eda con d\u00eda que podemos aportar mucho para un beneficio com\u00fan y vamos a empoderar a las mujeres de casa para que ayuden a sus familias y haya un bienestar social en Cadereyta. Ya es tiempo de las mujeres con car\u00e1cter y decisi\u00f3n\u201d.<\/p>\n","protected":false},"excerpt":{"rendered":"<p>Miguel Oscar P\u00e9rez CADEREYTA JIM\u00c9NEZ, N.L.- Ataviada con un coordinado color hueso y una blusa estampada, arrib\u00f3 a la Comisi\u00f3n Estatal Electoral, Hortencia Garc\u00eda Elizondo, para registrar su candidatura a la presidencia municipal de Cadereyta para el periodo 2018-2021, por el Partido Acci\u00f3n Nacional. Acompa\u00f1ada de sus familiares y parte de su planilla, arrib\u00f3 al [&hellip;]<\/p>\n","protected":false},"author":9,"featured_media":1066,"comment_status":"open","ping_status":"closed","sticky":false,"template":"","format":"standard","meta":{"footnotes":""},"categories":[17],"tags":[510,1516,1692,2195],"class_list":["post-1063","post","type-post","status-publish","format-standard","has-post-thumbnail","hentry","category-locales-cadereyta","tag-cecilia-de-la-paz","tag-mauro-guerra","tag-pan-cadereyta","tag-tenchis-garcia"],"_links":{"self":[{"href":"https:\/\/laultimapalabra.com.mx\/portal\/wp-json\/wp\/v2\/posts\/1063","targetHints":{"allow":["GET"]}}],"collection":[{"href":"https:\/\/laultimapalabra.com.mx\/portal\/wp-json\/wp\/v2\/posts"}],"about":[{"href":"https:\/\/laultimapalabra.com.mx\/portal\/wp-json\/wp\/v2\/types\/post"}],"author":[{"embeddable":true,"href":"https:\/\/laultimapalabra.com.mx\/portal\/wp-json\/wp\/v2\/users\/9"}],"replies":[{"embeddable":true,"href":"https:\/\/laultimapalabra.com.mx\/portal\/wp-json\/wp\/v2\/comments?post=1063"}],"version-history":[{"count":1,"href":"https:\/\/laultimapalabra.com.mx\/portal\/wp-json\/wp\/v2\/posts\/1063\/revisions"}],"predecessor-version":[{"id":63585,"href":"https:\/\/laultimapalabra.com.mx\/portal\/wp-json\/wp\/v2\/posts\/1063\/revisions\/63585"}],"wp:featuredmedia":[{"embeddable":true,"href":"https:\/\/laultimapalabra.com.mx\/portal\/wp-json\/"}],"wp:attachment":[{"href":"https:\/\/laultimapalabra.com.mx\/portal\/wp-json\/wp\/v2\/media?parent=1063"}],"wp:term":[{"taxonomy":"category","embeddable":true,"href":"https:\/\/laultimapalabra.com.mx\/portal\/wp-json\/wp\/v2\/categories?post=1063"},{"taxonomy":"post_tag","embeddable":true,"href":"https:\/\/laultimapalabra.com.mx\/portal\/wp-json\/wp\/v2\/tags?post=1063"}],"curies":[{"name":"wp","href":"https:\/\/api.w.org\/{rel}","templated":true}]}}