                       {"id":10736,"date":"2019-10-18T07:01:11","date_gmt":"2019-10-18T12:01:11","guid":{"rendered":"http:\/\/laultimapalabra.info\/?p=10736"},"modified":"2024-12-11T08:56:23","modified_gmt":"2024-12-11T14:56:23","slug":"realizan-la-inauguracion-digital-de-la-ultima-palabra","status":"publish","type":"post","link":"https:\/\/laultimapalabra.com.mx\/portal\/realizan-la-inauguracion-digital-de-la-ultima-palabra\/","title":{"rendered":"Realizan la inauguraci\u00f3n Digital de &#8220;La \u00daltima Palabra&#8221;"},"content":{"rendered":"<p style=\"text-align: justify;\">El Director del Peri\u00f3dico &#8220;La \u00daltima Palabra&#8221;, el ingeniero Jes\u00fas Herrera R\u00e1bago, junto a su equipo de trabajo y dem\u00e1s colaboradores, estuvieron presentes en la inauguraci\u00f3n de un nuevo proyecto de contenidos digitales que recibi\u00f3 la bendici\u00f3n de manos del Pbro. Jaime D\u00e1vila, el pasado viernes 11 del presente mes.<br \/>\nAs\u00ed tambi\u00e9n, el Ing. Jes\u00fas Herrera, hizo el anuncio a trav\u00e9s de las redes sociales informando al p\u00fablico en general con gran satisfacci\u00f3n: &#8220;Damos inicio a la producci\u00f3n de contenidos digitales que compartiremos a trav\u00e9s de nuestras redes sociales y de nuestra nueva aplicaci\u00f3n para dispositivos m\u00f3viles, tendremos cortes informativos y espacios de entretenimiento.<br \/>\nEstamos seguros que ya sea por nuestra edici\u00f3n impresa, en nuestras redes sociales o en nuestra nueva aplicaci\u00f3n para tel\u00e9fonos m\u00f3viles, ustedes seguir\u00e1n teniendo: &#8220;La \u00daltima Palabra&#8221; puntualiz\u00f3.<\/p>\n\n","protected":false},"excerpt":{"rendered":"<p>El Director del Peri\u00f3dico &#8220;La \u00daltima Palabra&#8221;, el ingeniero Jes\u00fas Herrera R\u00e1bago, junto a su equipo de trabajo y dem\u00e1s colaboradores, estuvieron presentes en la inauguraci\u00f3n de un nuevo proyecto de contenidos digitales que recibi\u00f3 la bendici\u00f3n de manos del Pbro. Jaime D\u00e1vila, el pasado viernes 11 del presente mes. As\u00ed tambi\u00e9n, el Ing. Jes\u00fas [&hellip;]<\/p>\n","protected":false},"author":9,"featured_media":10742,"comment_status":"open","ping_status":"closed","sticky":false,"template":"","format":"standard","meta":{"footnotes":""},"categories":[17],"tags":[1278,1388],"class_list":["post-10736","post","type-post","status-publish","format-standard","has-post-thumbnail","hentry","category-locales-cadereyta","tag-ing-jesus-herrera-rabago","tag-la-ultima-palabra-digital"],"_links":{"self":[{"href":"https:\/\/laultimapalabra.com.mx\/portal\/wp-json\/wp\/v2\/posts\/10736","targetHints":{"allow":["GET"]}}],"collection":[{"href":"https:\/\/laultimapalabra.com.mx\/portal\/wp-json\/wp\/v2\/posts"}],"about":[{"href":"https:\/\/laultimapalabra.com.mx\/portal\/wp-json\/wp\/v2\/types\/post"}],"author":[{"embeddable":true,"href":"https:\/\/laultimapalabra.com.mx\/portal\/wp-json\/wp\/v2\/users\/9"}],"replies":[{"embeddable":true,"href":"https:\/\/laultimapalabra.com.mx\/portal\/wp-json\/wp\/v2\/comments?post=10736"}],"version-history":[{"count":1,"href":"https:\/\/laultimapalabra.com.mx\/portal\/wp-json\/wp\/v2\/posts\/10736\/revisions"}],"predecessor-version":[{"id":68699,"href":"https:\/\/laultimapalabra.com.mx\/portal\/wp-json\/wp\/v2\/posts\/10736\/revisions\/68699"}],"wp:featuredmedia":[{"embeddable":true,"href":"https:\/\/laultimapalabra.com.mx\/portal\/wp-json\/"}],"wp:attachment":[{"href":"https:\/\/laultimapalabra.com.mx\/portal\/wp-json\/wp\/v2\/media?parent=10736"}],"wp:term":[{"taxonomy":"category","embeddable":true,"href":"https:\/\/laultimapalabra.com.mx\/portal\/wp-json\/wp\/v2\/categories?post=10736"},{"taxonomy":"post_tag","embeddable":true,"href":"https:\/\/laultimapalabra.com.mx\/portal\/wp-json\/wp\/v2\/tags?post=10736"}],"curies":[{"name":"wp","href":"https:\/\/api.w.org\/{rel}","templated":true}]}}