                       {"id":1075,"date":"2018-04-06T00:39:42","date_gmt":"2018-04-06T00:39:42","guid":{"rendered":"http:\/\/laultimapalabra.info\/?p=1075"},"modified":"2024-12-11T08:37:06","modified_gmt":"2024-12-11T14:37:06","slug":"brilla-juarense-en-torneo-internacional","status":"publish","type":"post","link":"https:\/\/laultimapalabra.com.mx\/portal\/brilla-juarense-en-torneo-internacional\/","title":{"rendered":"Brilla juarense en Torneo Internacional"},"content":{"rendered":"<p><img loading=\"lazy\" decoding=\"async\" class=\"size-medium wp-image-1092 alignleft\" src=\"https:\/\/laultimapalabra.com.mx\/portal\/wp-content\/uploads\/2018\/04\/7c227317-f272-46e5-a0e1-793537c2ff13-225x300.jpg\" alt=\"\" width=\"225\" height=\"300\" \/> Se trae Tavo Quintanilla dos medallas para Ju\u00e1rez en torneo Centroamericano y del Caribe efectuado Colombia<\/p>\n<p style=\"text-align: justify;\">Miguel Oscar P\u00e9rez<br \/>\nCD. BENITO JU\u00c1REZ, N.L.- La joven promesa del karate, Luis Gustavo Quintanilla Bautista, regres\u00f3 de Barranquilla, Colombia con una medalla de segundo lugar y un tercero del Torneo de los Juegos Centroamericanos y del Caribe.<br \/>\nDe 18 a\u00f1os de edad, el estudiante del cuarto semestre de FIME, quien est\u00e1 becado al 100 por ciento por su desempe\u00f1o en la escuela y en el deporte, se\u00f1al\u00f3 que fue elegido luego de un selectivo nacional y logrando su pase a esa justa internacional del pasado 20 al 26 de marzo, donde se trajo los dos honrosos lugares.<br \/>\nEl atleta juarense tiene en su haber un sinn\u00famero de medallas de torneos estatales, nacionales e internacionales, que no lo hacen un improvisado, despu\u00e9s de una d\u00e9cada de entrenamiento.<br \/>\n<img loading=\"lazy\" decoding=\"async\" class=\"size-medium wp-image-1094 alignright\" src=\"https:\/\/laultimapalabra.com.mx\/portal\/wp-content\/uploads\/2018\/04\/90e8e06d-c2e4-4397-ba4c-12da6948cc2b-225x300.jpg\" alt=\"\" width=\"225\" height=\"300\" \/>\u201cMi mayor sue\u00f1o es ir a un mundial en el cual estoy trabajando, un mundial juvenil que viene en el pr\u00f3ximo a\u00f1o, en el 2019, yo creo que esa es mi meta a largo plazo. Una meta a corto plazo ser\u00eda el Panamericano que ser\u00e1 en Venezuela entre agosto y septiembre\u201d, dijo con seguridad.<br \/>\n\u00bfQu\u00e9 mensaje les dar\u00edas a los j\u00f3venes de Ju\u00e1rez?<br \/>\n\u201cPrimero que nada que el deporte es fundamental en el crecimiento del adolescente, que no dejen y luchen siempre por sus sue\u00f1os que todo camino es dif\u00edcil, si es dif\u00edcil es porque vas por el camino correcto\u201d, mencion\u00f3<br \/>\nAgradeci\u00f3 al alcalde juarense por el apoyo para poder poner en alto el nombre de esta ciudad en la justa internacional, adem\u00e1s de su familia y compa\u00f1eros de entrenamiento.<br \/>\nPor \u00faltimo mencion\u00f3 que para prepararse para esta justa internacional estuvo concentrado tres d\u00edas en el Comit\u00e9 Ol\u00edmpico Mexicano haciendo doble entrenamiento y llegar en forma al Centroamericano y del Caribe.<\/p>\n","protected":false},"excerpt":{"rendered":"<p>Se trae Tavo Quintanilla dos medallas para Ju\u00e1rez en torneo Centroamericano y del Caribe efectuado Colombia Miguel Oscar P\u00e9rez CD. BENITO JU\u00c1REZ, N.L.- La joven promesa del karate, Luis Gustavo Quintanilla Bautista, regres\u00f3 de Barranquilla, Colombia con una medalla de segundo lugar y un tercero del Torneo de los Juegos Centroamericanos y del Caribe. De [&hellip;]<\/p>\n","protected":false},"author":9,"featured_media":1093,"comment_status":"open","ping_status":"closed","sticky":false,"template":"","format":"standard","meta":{"footnotes":""},"categories":[1],"tags":[2185],"class_list":["post-1075","post","type-post","status-publish","format-standard","has-post-thumbnail","hentry","category-noticias","tag-tavo-quintanilla"],"_links":{"self":[{"href":"https:\/\/laultimapalabra.com.mx\/portal\/wp-json\/wp\/v2\/posts\/1075","targetHints":{"allow":["GET"]}}],"collection":[{"href":"https:\/\/laultimapalabra.com.mx\/portal\/wp-json\/wp\/v2\/posts"}],"about":[{"href":"https:\/\/laultimapalabra.com.mx\/portal\/wp-json\/wp\/v2\/types\/post"}],"author":[{"embeddable":true,"href":"https:\/\/laultimapalabra.com.mx\/portal\/wp-json\/wp\/v2\/users\/9"}],"replies":[{"embeddable":true,"href":"https:\/\/laultimapalabra.com.mx\/portal\/wp-json\/wp\/v2\/comments?post=1075"}],"version-history":[{"count":1,"href":"https:\/\/laultimapalabra.com.mx\/portal\/wp-json\/wp\/v2\/posts\/1075\/revisions"}],"predecessor-version":[{"id":63591,"href":"https:\/\/laultimapalabra.com.mx\/portal\/wp-json\/wp\/v2\/posts\/1075\/revisions\/63591"}],"wp:featuredmedia":[{"embeddable":true,"href":"https:\/\/laultimapalabra.com.mx\/portal\/wp-json\/"}],"wp:attachment":[{"href":"https:\/\/laultimapalabra.com.mx\/portal\/wp-json\/wp\/v2\/media?parent=1075"}],"wp:term":[{"taxonomy":"category","embeddable":true,"href":"https:\/\/laultimapalabra.com.mx\/portal\/wp-json\/wp\/v2\/categories?post=1075"},{"taxonomy":"post_tag","embeddable":true,"href":"https:\/\/laultimapalabra.com.mx\/portal\/wp-json\/wp\/v2\/tags?post=1075"}],"curies":[{"name":"wp","href":"https:\/\/api.w.org\/{rel}","templated":true}]}}