                       {"id":10760,"date":"2019-10-17T21:46:34","date_gmt":"2019-10-18T02:46:34","guid":{"rendered":"http:\/\/laultimapalabra.info\/?p=10760"},"modified":"2024-12-11T08:56:24","modified_gmt":"2024-12-11T14:56:24","slug":"festejan-a-paco","status":"publish","type":"post","link":"https:\/\/laultimapalabra.com.mx\/portal\/festejan-a-paco\/","title":{"rendered":"Festejan a Paco"},"content":{"rendered":"<p style=\"text-align: justify;\">Cenopistas de Ju\u00e1rez, hacen fiesta a su dirigente<\/p>\n<p style=\"text-align: justify;\"><img loading=\"lazy\" decoding=\"async\" class=\"size-medium wp-image-10763 alignleft\" src=\"https:\/\/laultimapalabra.com.mx\/portal\/wp-content\/uploads\/2019\/10\/3-2-300x200.jpg\" alt=\"\" width=\"300\" height=\"200\" \/>CD. BENITO JU\u00c1REZ, N.L.-<br \/>\nLa semana pasada tuvo lugar el macro-festejo para el dirigente municipal de la CNOP de Ju\u00e1rez, Francisco H\u00e9ctor Trevi\u00f1o Cant\u00fa, mejor conocido como Paco Trevi\u00f1o.<br \/>\n<img loading=\"lazy\" decoding=\"async\" class=\"size-medium wp-image-10764 alignright\" src=\"https:\/\/laultimapalabra.com.mx\/portal\/wp-content\/uploads\/2019\/10\/4-300x200.jpg\" alt=\"\" width=\"300\" height=\"200\" \/>La dirigentes y vecinos de diversas colonias se congregaron cada una con una vianda de comida, al organizarse para hacer el festejo \u201cde traje\u201d, por lo que la degustaci\u00f3n fue de varios platillos en el lugar.<br \/>\n<img loading=\"lazy\" decoding=\"async\" class=\"size-medium wp-image-10762 alignleft\" src=\"https:\/\/laultimapalabra.com.mx\/portal\/wp-content\/uploads\/2019\/10\/2-2-300x200.jpg\" alt=\"\" width=\"300\" height=\"200\" \/>La fiesta se llev\u00f3 entre porras y abrazos para Paco Trevi\u00f1o, quien cumpl\u00eda 36 a\u00f1os de edad, acompa\u00f1ando en el festejo el dirigente estatal de la CNOP Carlos Barona, quien acudi\u00f3 a felicitar al l\u00edder municipal del sector popular.<\/p>\n","protected":false},"excerpt":{"rendered":"<p>Cenopistas de Ju\u00e1rez, hacen fiesta a su dirigente CD. BENITO JU\u00c1REZ, N.L.- La semana pasada tuvo lugar el macro-festejo para el dirigente municipal de la CNOP de Ju\u00e1rez, Francisco H\u00e9ctor Trevi\u00f1o Cant\u00fa, mejor conocido como Paco Trevi\u00f1o. La dirigentes y vecinos de diversas colonias se congregaron cada una con una vianda de comida, al organizarse [&hellip;]<\/p>\n","protected":false},"author":9,"featured_media":10761,"comment_status":"open","ping_status":"closed","sticky":false,"template":"","format":"standard","meta":{"footnotes":""},"categories":[18],"tags":[1684,1685],"class_list":["post-10760","post","type-post","status-publish","format-standard","has-post-thumbnail","hentry","category-locales-juarez","tag-paco-trevino","tag-paco-trevino-cnop-juarez"],"_links":{"self":[{"href":"https:\/\/laultimapalabra.com.mx\/portal\/wp-json\/wp\/v2\/posts\/10760","targetHints":{"allow":["GET"]}}],"collection":[{"href":"https:\/\/laultimapalabra.com.mx\/portal\/wp-json\/wp\/v2\/posts"}],"about":[{"href":"https:\/\/laultimapalabra.com.mx\/portal\/wp-json\/wp\/v2\/types\/post"}],"author":[{"embeddable":true,"href":"https:\/\/laultimapalabra.com.mx\/portal\/wp-json\/wp\/v2\/users\/9"}],"replies":[{"embeddable":true,"href":"https:\/\/laultimapalabra.com.mx\/portal\/wp-json\/wp\/v2\/comments?post=10760"}],"version-history":[{"count":1,"href":"https:\/\/laultimapalabra.com.mx\/portal\/wp-json\/wp\/v2\/posts\/10760\/revisions"}],"predecessor-version":[{"id":68709,"href":"https:\/\/laultimapalabra.com.mx\/portal\/wp-json\/wp\/v2\/posts\/10760\/revisions\/68709"}],"wp:featuredmedia":[{"embeddable":true,"href":"https:\/\/laultimapalabra.com.mx\/portal\/wp-json\/"}],"wp:attachment":[{"href":"https:\/\/laultimapalabra.com.mx\/portal\/wp-json\/wp\/v2\/media?parent=10760"}],"wp:term":[{"taxonomy":"category","embeddable":true,"href":"https:\/\/laultimapalabra.com.mx\/portal\/wp-json\/wp\/v2\/categories?post=10760"},{"taxonomy":"post_tag","embeddable":true,"href":"https:\/\/laultimapalabra.com.mx\/portal\/wp-json\/wp\/v2\/tags?post=10760"}],"curies":[{"name":"wp","href":"https:\/\/api.w.org\/{rel}","templated":true}]}}