                       {"id":10818,"date":"2019-10-19T18:15:07","date_gmt":"2019-10-19T23:15:07","guid":{"rendered":"http:\/\/laultimapalabra.info\/?p=10818"},"modified":"2024-12-11T08:56:24","modified_gmt":"2024-12-11T14:56:24","slug":"concientizan-sobre-el-cancer-de-mama","status":"publish","type":"post","link":"https:\/\/laultimapalabra.com.mx\/portal\/concientizan-sobre-el-cancer-de-mama\/","title":{"rendered":"Concientizan sobre  el c\u00e1ncer de mama"},"content":{"rendered":"<p style=\"text-align: justify;\">Fundaci\u00f3n jimenense intensifica labor de prevenci\u00f3n contra ese mal en mujeres de Cadereyta<\/p>\n<p style=\"text-align: justify;\"><img loading=\"lazy\" decoding=\"async\" class=\"size-medium wp-image-10820 alignleft\" src=\"https:\/\/laultimapalabra.com.mx\/portal\/wp-content\/uploads\/2019\/10\/base2-16-300x225.jpg\" alt=\"\" width=\"300\" height=\"225\" \/>Miguel Oscar P\u00e9rez<br \/>\nCADEREYTA JIM\u00c9NEZ, N.L.-<br \/>\nCon motivo de la celebraci\u00f3n del d\u00eda Mundial Contra el C\u00e1ncer de Mama, el s\u00e1bado 19 de octubre, la fundaci\u00f3n Salvemos a Cadereyta del C\u00e1ncer de Mama, A.C., realiz\u00f3 actividades de concientizaci\u00f3n para prevenir tan terrible mal, adem\u00e1s de tres conferencias en diferentes lugares de Cadereyta.<br \/>\nAcompa\u00f1adas de j\u00f3venes del Instituto Interline, sobrevivientes del c\u00e1ncer de mama y miembros pertenecientes a la asociaci\u00f3n jimenense contra ese terrible mal, estuvieron desde temprana hora del s\u00e1bado repartiendo volantes y explicando a las mujeres el por qu\u00e9 la exploraci\u00f3n es tan importante y puede salvar una vida.<br \/>\nDespu\u00e9s de estar en la plaza, se llev\u00f3 a cabo una conferencia con estudiantado femenino de Interline, donde la conferencista Mar S\u00e1nchez, dijo en emotiva charla de como se ha incrementado el n\u00famero de muerte de mujeres a causa del c\u00e1ncer de mama en M\u00e9xico y en Nuevo Le\u00f3n.<br \/>\nLas alumnas escucharon atentas las cifras que reflejan que en este pa\u00eds, una de cada ocho mujeres enfrenta el c\u00e1ncer de mama, y que aunque anteriormente se establec\u00eda como media la revisi\u00f3n por los onc\u00f3logos a partir de los cuarenta a\u00f1os, la edad temprana avanza y hasta el momento hay pacientes de 25 a\u00f1os.<br \/>\nMar S\u00e1nchez explico a las j\u00f3venes estudiantes que animaran a sus madres a hacerse un chequeo de autoexploraci\u00f3n frente a un espejo y estar atentas a cualquier irregularidad, como cambio de color en la piel, protuberancia y secreci\u00f3n de los pezones, adem\u00e1s de realizarse mamograf\u00edas cada a\u00f1o a todas aquellas que tienen familiares que hayan enfrentado el c\u00e1ncer en cualquier parte del cuerpo.<br \/>\nLa siguiente conferencia se realiz\u00f3 en las instalaciones de la empresa Agua Star, planta de jugos, donde adem\u00e1s de la pl\u00e1tica se les ense\u00f1\u00f3 a las obreras de la planta las t\u00e9cnicas de exploraci\u00f3n.<br \/>\nLa \u00faltima charla se realiz\u00f3 en la comunidad de Palmitos, donde vecinas del lugar llegaron a un hogar anfitri\u00f3n, quien recibi\u00f3 al personal de la asociaci\u00f3n Salvemos a Cadereyta del C\u00e1ncer de Mama, que preside el doctor Sab\u00e1s Ren\u00e9 Tamez P\u00e9rez, para tan importante pl\u00e1tica.<\/p>\n","protected":false},"excerpt":{"rendered":"<p>Fundaci\u00f3n jimenense intensifica labor de prevenci\u00f3n contra ese mal en mujeres de Cadereyta Miguel Oscar P\u00e9rez CADEREYTA JIM\u00c9NEZ, N.L.- Con motivo de la celebraci\u00f3n del d\u00eda Mundial Contra el C\u00e1ncer de Mama, el s\u00e1bado 19 de octubre, la fundaci\u00f3n Salvemos a Cadereyta del C\u00e1ncer de Mama, A.C., realiz\u00f3 actividades de concientizaci\u00f3n para prevenir tan terrible [&hellip;]<\/p>\n","protected":false},"author":9,"featured_media":10819,"comment_status":"open","ping_status":"closed","sticky":false,"template":"","format":"standard","meta":{"footnotes":""},"categories":[17],"tags":[2339,881],"class_list":["post-10818","post","type-post","status-publish","format-standard","has-post-thumbnail","hentry","category-locales-cadereyta","tag-salvemos-a-cadereyta-de-cancer-de-mama","tag-dr-sabas-tamez-perez"],"_links":{"self":[{"href":"https:\/\/laultimapalabra.com.mx\/portal\/wp-json\/wp\/v2\/posts\/10818","targetHints":{"allow":["GET"]}}],"collection":[{"href":"https:\/\/laultimapalabra.com.mx\/portal\/wp-json\/wp\/v2\/posts"}],"about":[{"href":"https:\/\/laultimapalabra.com.mx\/portal\/wp-json\/wp\/v2\/types\/post"}],"author":[{"embeddable":true,"href":"https:\/\/laultimapalabra.com.mx\/portal\/wp-json\/wp\/v2\/users\/9"}],"replies":[{"embeddable":true,"href":"https:\/\/laultimapalabra.com.mx\/portal\/wp-json\/wp\/v2\/comments?post=10818"}],"version-history":[{"count":1,"href":"https:\/\/laultimapalabra.com.mx\/portal\/wp-json\/wp\/v2\/posts\/10818\/revisions"}],"predecessor-version":[{"id":68729,"href":"https:\/\/laultimapalabra.com.mx\/portal\/wp-json\/wp\/v2\/posts\/10818\/revisions\/68729"}],"wp:featuredmedia":[{"embeddable":true,"href":"https:\/\/laultimapalabra.com.mx\/portal\/wp-json\/"}],"wp:attachment":[{"href":"https:\/\/laultimapalabra.com.mx\/portal\/wp-json\/wp\/v2\/media?parent=10818"}],"wp:term":[{"taxonomy":"category","embeddable":true,"href":"https:\/\/laultimapalabra.com.mx\/portal\/wp-json\/wp\/v2\/categories?post=10818"},{"taxonomy":"post_tag","embeddable":true,"href":"https:\/\/laultimapalabra.com.mx\/portal\/wp-json\/wp\/v2\/tags?post=10818"}],"curies":[{"name":"wp","href":"https:\/\/api.w.org\/{rel}","templated":true}]}}