                       {"id":10890,"date":"2019-10-24T17:07:25","date_gmt":"2019-10-24T22:07:25","guid":{"rendered":"http:\/\/laultimapalabra.info\/?p=10890"},"modified":"2024-12-11T08:56:25","modified_gmt":"2024-12-11T14:56:25","slug":"doctor-blass-marias-diaz-saldivar-un-jimenence-ilustre-pero-en-el-mas-completo-de-los-olvidos","status":"publish","type":"post","link":"https:\/\/laultimapalabra.com.mx\/portal\/doctor-blass-marias-diaz-saldivar-un-jimenence-ilustre-pero-en-el-mas-completo-de-los-olvidos\/","title":{"rendered":"Doctor Blass Mar\u00edas D\u00edaz Sald\u00edvar\u2026.. Un jimenence ilustre pero en el m\u00e1s completo de los olvidos"},"content":{"rendered":"<div id=\"attachment_10892\" style=\"width: 310px\" class=\"wp-caption alignright\"><img loading=\"lazy\" decoding=\"async\" aria-describedby=\"caption-attachment-10892\" class=\"wp-image-10892 size-medium\" src=\"https:\/\/laultimapalabra.com.mx\/portal\/wp-content\/uploads\/2019\/10\/monumento-a-gonzalitos-e1524153834285-300x300.jpg\" alt=\"\" width=\"300\" height=\"300\" \/><p id=\"caption-attachment-10892\" class=\"wp-caption-text\">Dr. Jos\u00e9 Eleuterio Gonz\u00e1lez fundador de la primera escuela de Medicina en el Estado de Nuevo Le\u00f3n.<\/p><\/div>\n<p style=\"text-align: justify;\">Por: Dr. Jos\u00e9 Ascensi\u00f3n Tijerina Flores<\/p>\n<p style=\"text-align: justify;\">El pasado mi\u00e9rcoles 23 de octubre se celebr\u00f3 el d\u00eda del M\u00e9dico, por tal motivo hoy recordaremos al primer M\u00e9dico titulado en Nuevo Le\u00f3n.<br \/>\nEl Doctor D\u00edaz Sald\u00edvar naci\u00f3 en esta ciudad de Cadereyta Jim\u00e9nez en el a\u00f1o de 1811, fue hijo de Don Francisco D\u00edaz y Do\u00f1a Mar\u00eda Juana Sald\u00edvar, matrimonio que habr\u00eda llegado a estas tierras en 1808 de la Villa de Santiago Nuevo Le\u00f3n.<br \/>\nBlass, aprendi\u00f3 los primeros conocimientos de educaci\u00f3n como tambi\u00e9n la preparaci\u00f3n de f\u00f3rmulas de su padre, que en aquellos tiempos eran los \u00fanicos medicamentos o remedios para combatir las enfermedades que diezmaban a la poblaci\u00f3n.<br \/>\nBlass Mar\u00eda ya rebasaba los 30 a\u00f1os de edad, pero su aspiraci\u00f3n a mejorar sus conocimientos como tambi\u00e9n su nivel de vida, lo orillaron a cercarse a la escuela de medicina que reci\u00e9n hab\u00eda fundado el Dr. Jos\u00e9 Eleuterio Gonz\u00e1lez (Gonzalitos) en la ciudad de Monterrey Nuevo Le\u00f3n. Despu\u00e9s de superar los sacrificios que implicaban aquel deseo, un 29 de agosto de 1848 Blas Mar\u00eda obten\u00eda el t\u00edtulo de M\u00e9dico Cirujano, documento firmado por el propio Dr. Gonzalitos y el Gobernador del Estado Don Jos\u00e9 Mar\u00eda Paras y Ballesteros.<br \/>\nEl Doctor Blass se convert\u00eda en ese momento en el primer M\u00e9dico titulado originario de Cadereyta como tambi\u00e9n ser\u00eda el primer profesionista de la medicina en la regi\u00f3n.<br \/>\nAsumi\u00f3 su compromiso personal y con su pueblo desempe\u00f1\u00e1ndose con gran responsabilidad y humanismo a grado tal que pronto se gan\u00f3 el afecto y el reconocimiento de sus pacientes y a\u00fan m\u00e1s, en innumerables ocasiones fue requerido a la ciudad de Monterrey otros pueblos para atender a los enfermos.<br \/>\nEn 1851 se constituy\u00f3 el Consejo de Salubridad en todos los municipios del Estado a iniciativa del Dr. Gonzalitos y el Dr. D\u00edaz ser\u00eda nombrado Presidente de dicho Consejo en Cadereyta. En 1852 el Gobierno del Estado ratific\u00f3 al Dr. Blass Mar\u00eda la autorizaci\u00f3n para ejercer la medicina en el Estado de Nuevo Le\u00f3n, pues en ese tiempo hab\u00eda otros m\u00e9dicos de otros lugares del pa\u00eds y del extranjero que celosos del trabajo del Dr. D\u00edaz lo obligaban a tener sus documentos de autorizaci\u00f3n en orden.<br \/>\nAquel documento fue firmado por otro ilustre Jimenence: El Gobernador Don Agapito Garc\u00eda D\u00e1vila y Don Esteban Tamez como secretario, siendo aceptado en el Juzgado Primero Constitucional de Cadereyta Jim\u00e9nez en junio 19 de 1852.<br \/>\nComo Presidente del Consejo de Salubridad propuso el Dr. D\u00edaz en varias ocasiones algunas iniciativas para detener el avance de las enfermedades que hac\u00edan estragos en la poblaci\u00f3n.<br \/>\nA el se debe que en 1850 el Ayuntamiento en turno decidiera hacer la reubicaci\u00f3n del antiguo pante\u00f3n Municipal hacia el lado poniente de la poblaci\u00f3n para evitar contaminaci\u00f3n por los aires reinantes del sureste hacia el pueblo. Desempe\u00f1\u00f3 adem\u00e1s algunos puestos secundarios en las Administraciones supsecuentes.<br \/>\nEjerci\u00f3 su profesi\u00f3n hasta 1879 pues el exceso de trabajo lo hab\u00eda agotado principalmente de su vista. Hab\u00eda contra\u00eddo matrimonio con la se\u00f1orita Mar\u00eda Guadalupe D\u00edaz procreando con ella dos hijos Jos\u00e9 Mar\u00eda de Jes\u00fas y Mar\u00eda Guadalupe Isabel D\u00edaz siendo el primer hijo un destacado abogado.<br \/>\nEl 2 de noviembre de 1860 falleci\u00f3 su esposa pero superando la pena en mayo de 1861 contrae de nuevo nupcias con Mar\u00eda Rita Galindo R\u00edos quien adem\u00e1s ser\u00eda la primera mujer con t\u00edtulo tambi\u00e9n de origen Jimenence.<br \/>\nFalleci\u00f3 el Dr. D\u00edaz el 10 de febrero de 1880 y fue sepultado en el reci\u00e9n reubicado pante\u00f3n Municipal que el mismo hab\u00eda sugerido con \u00e9xito fuese cambiado con la autorizaci\u00f3n de las autoridades.<br \/>\nEstos datos permanecen en nuestro valioso Archivo Hist\u00f3tico Municipal<br \/>\nHoy recordamos a este ilustre Jimenence que seguramente sirvi\u00f3 con ejemplo a otro muchos j\u00f3venes para seguir la noble profesi\u00f3n m\u00e9dica y que en la actualidad dedican su tiempo conocimiento y dedicaci\u00f3n a salvar vidas.<br \/>\nResulta inconcebible que habiendo en nuestra ciudad calles y escuelas con nombre de \u00e1rboles, p\u00e1jaros o pol\u00edticos intrascendentes, nombres como el del Dr. Blass Mar\u00eda D\u00edaz Sald\u00edvar se encuentra en el m\u00e1s completo de los olvidos.<br \/>\nY usted amable lector, que opina?<br \/>\nGracias<\/p>\n<p style=\"text-align: justify;\">\n","protected":false},"excerpt":{"rendered":"<p>Por: Dr. Jos\u00e9 Ascensi\u00f3n Tijerina Flores El pasado mi\u00e9rcoles 23 de octubre se celebr\u00f3 el d\u00eda del M\u00e9dico, por tal motivo hoy recordaremos al primer M\u00e9dico titulado en Nuevo Le\u00f3n. El Doctor D\u00edaz Sald\u00edvar naci\u00f3 en esta ciudad de Cadereyta Jim\u00e9nez en el a\u00f1o de 1811, fue hijo de Don Francisco D\u00edaz y Do\u00f1a Mar\u00eda [&hellip;]<\/p>\n","protected":false},"author":9,"featured_media":10892,"comment_status":"open","ping_status":"closed","sticky":false,"template":"","format":"standard","meta":{"footnotes":""},"categories":[1],"tags":[879],"class_list":["post-10890","post","type-post","status-publish","format-standard","has-post-thumbnail","hentry","category-noticias","tag-dr-jose-ascencion-tijerina-flores"],"_links":{"self":[{"href":"https:\/\/laultimapalabra.com.mx\/portal\/wp-json\/wp\/v2\/posts\/10890","targetHints":{"allow":["GET"]}}],"collection":[{"href":"https:\/\/laultimapalabra.com.mx\/portal\/wp-json\/wp\/v2\/posts"}],"about":[{"href":"https:\/\/laultimapalabra.com.mx\/portal\/wp-json\/wp\/v2\/types\/post"}],"author":[{"embeddable":true,"href":"https:\/\/laultimapalabra.com.mx\/portal\/wp-json\/wp\/v2\/users\/9"}],"replies":[{"embeddable":true,"href":"https:\/\/laultimapalabra.com.mx\/portal\/wp-json\/wp\/v2\/comments?post=10890"}],"version-history":[{"count":1,"href":"https:\/\/laultimapalabra.com.mx\/portal\/wp-json\/wp\/v2\/posts\/10890\/revisions"}],"predecessor-version":[{"id":68763,"href":"https:\/\/laultimapalabra.com.mx\/portal\/wp-json\/wp\/v2\/posts\/10890\/revisions\/68763"}],"wp:featuredmedia":[{"embeddable":true,"href":"https:\/\/laultimapalabra.com.mx\/portal\/wp-json\/"}],"wp:attachment":[{"href":"https:\/\/laultimapalabra.com.mx\/portal\/wp-json\/wp\/v2\/media?parent=10890"}],"wp:term":[{"taxonomy":"category","embeddable":true,"href":"https:\/\/laultimapalabra.com.mx\/portal\/wp-json\/wp\/v2\/categories?post=10890"},{"taxonomy":"post_tag","embeddable":true,"href":"https:\/\/laultimapalabra.com.mx\/portal\/wp-json\/wp\/v2\/tags?post=10890"}],"curies":[{"name":"wp","href":"https:\/\/api.w.org\/{rel}","templated":true}]}}