                       {"id":10925,"date":"2019-10-24T17:41:00","date_gmt":"2019-10-24T22:41:00","guid":{"rendered":"http:\/\/laultimapalabra.info\/?p=10925"},"modified":"2024-12-11T08:56:26","modified_gmt":"2024-12-11T14:56:26","slug":"realizan-brigada-para-esterilizar-caninos-y-felinos","status":"publish","type":"post","link":"https:\/\/laultimapalabra.com.mx\/portal\/realizan-brigada-para-esterilizar-caninos-y-felinos\/","title":{"rendered":"Realizan brigada  para esterilizar  caninos y felinos"},"content":{"rendered":"<p style=\"text-align: justify;\"><img loading=\"lazy\" decoding=\"async\" class=\"size-medium wp-image-10926 alignleft\" src=\"https:\/\/laultimapalabra.com.mx\/portal\/wp-content\/uploads\/2019\/10\/brigada-de-Esterilizacion-Canina-y-Felina--300x225.jpg\" alt=\"\" width=\"300\" height=\"225\" \/>CD. BENITO JU\u00c1REZ, N.L.-<br \/>\nCon el firme prop\u00f3sito de llevar la salud para mascotas caninas y felinas, se llev\u00f3 a cabo una brigada en la colonia Las Gardenias en esta ciudad.<br \/>\nEl evento se llev\u00f3 a cabo desde las 10:00 de la ma\u00f1ana del pasado jueves en el cruce de las calles Paseo de los Tulipanes y Paseo de las Orqu\u00eddeas en el fraccionamiento antes mencionado, donde se dieron cita los vecinos llevando a sus perros y gatos para las diferentes vacunas adem\u00e1s de cirug\u00edas de esterilizaci\u00f3n.<br \/>\nEl secretario de Salud, Teodoro Elizondo, dijo a los vecinos del lugar, que ese tipo de brigadas para cuidar la salud de las mascotas es un programa permanente ordenado por el alcalde Heriberto Trevi\u00f1o Cant\u00fa.<br \/>\nAnunci\u00f3 adem\u00e1s la pr\u00f3xima inauguraci\u00f3n del Primer Centro Canino y Felino de Ju\u00e1rez, donde no solamente ser\u00e1 un antirr\u00e1bico, sino que la labor de dicho centro va encaminado a la salud, vacunas todo ellos en forma gratuita.<br \/>\nA\u00f1adi\u00f3 adem\u00e1s que el centro contar\u00e1 con el servicio de adopci\u00f3n de macotas, pero bajo una estricta regla para que la daci\u00f3n sea para personas con los medios de tener a una mascota bien cuidada.<\/p>\n","protected":false},"excerpt":{"rendered":"<p>CD. BENITO JU\u00c1REZ, N.L.- Con el firme prop\u00f3sito de llevar la salud para mascotas caninas y felinas, se llev\u00f3 a cabo una brigada en la colonia Las Gardenias en esta ciudad. El evento se llev\u00f3 a cabo desde las 10:00 de la ma\u00f1ana del pasado jueves en el cruce de las calles Paseo de los [&hellip;]<\/p>\n","protected":false},"author":9,"featured_media":10926,"comment_status":"open","ping_status":"closed","sticky":false,"template":"","format":"standard","meta":{"footnotes":""},"categories":[18],"tags":[361,2196],"class_list":["post-10925","post","type-post","status-publish","format-standard","has-post-thumbnail","hentry","category-locales-juarez","tag-brigadas-esterilizacion-juarez","tag-teodoro-elizondo"],"_links":{"self":[{"href":"https:\/\/laultimapalabra.com.mx\/portal\/wp-json\/wp\/v2\/posts\/10925","targetHints":{"allow":["GET"]}}],"collection":[{"href":"https:\/\/laultimapalabra.com.mx\/portal\/wp-json\/wp\/v2\/posts"}],"about":[{"href":"https:\/\/laultimapalabra.com.mx\/portal\/wp-json\/wp\/v2\/types\/post"}],"author":[{"embeddable":true,"href":"https:\/\/laultimapalabra.com.mx\/portal\/wp-json\/wp\/v2\/users\/9"}],"replies":[{"embeddable":true,"href":"https:\/\/laultimapalabra.com.mx\/portal\/wp-json\/wp\/v2\/comments?post=10925"}],"version-history":[{"count":1,"href":"https:\/\/laultimapalabra.com.mx\/portal\/wp-json\/wp\/v2\/posts\/10925\/revisions"}],"predecessor-version":[{"id":68781,"href":"https:\/\/laultimapalabra.com.mx\/portal\/wp-json\/wp\/v2\/posts\/10925\/revisions\/68781"}],"wp:featuredmedia":[{"embeddable":true,"href":"https:\/\/laultimapalabra.com.mx\/portal\/wp-json\/"}],"wp:attachment":[{"href":"https:\/\/laultimapalabra.com.mx\/portal\/wp-json\/wp\/v2\/media?parent=10925"}],"wp:term":[{"taxonomy":"category","embeddable":true,"href":"https:\/\/laultimapalabra.com.mx\/portal\/wp-json\/wp\/v2\/categories?post=10925"},{"taxonomy":"post_tag","embeddable":true,"href":"https:\/\/laultimapalabra.com.mx\/portal\/wp-json\/wp\/v2\/tags?post=10925"}],"curies":[{"name":"wp","href":"https:\/\/api.w.org\/{rel}","templated":true}]}}