                       {"id":10965,"date":"2019-10-28T13:06:15","date_gmt":"2019-10-28T19:06:15","guid":{"rendered":"http:\/\/laultimapalabra.info\/?p=10965"},"modified":"2024-12-11T08:56:26","modified_gmt":"2024-12-11T14:56:26","slug":"tiene-untypp-su-primer-junta-con-afiliados-en-cadereyta","status":"publish","type":"post","link":"https:\/\/laultimapalabra.com.mx\/portal\/tiene-untypp-su-primer-junta-con-afiliados-en-cadereyta\/","title":{"rendered":"Tiene UNTYPP su primer Junta con afiliados en Cadereyta"},"content":{"rendered":"<p style=\"text-align: justify;\"><img loading=\"lazy\" decoding=\"async\" class=\"size-medium wp-image-10972 alignleft\" src=\"https:\/\/laultimapalabra.com.mx\/portal\/wp-content\/uploads\/2019\/10\/WhatsApp-Image-2019-10-28-at-1.15.26-PM-225x300.jpeg\" alt=\"\" width=\"225\" height=\"300\" \/>Cadereyta Jim\u00e9nez, N. L.- El pasado fin de semana se llev\u00f3 a cabo una Junta con los Secretarios del Comit\u00e9 Ejecutivo Nacional de la Uni\u00f3n Nacional de T\u00e9cnicos y Profesionistas de Petr\u00f3leos Mexicanos (UNTYPP) en la colonia Jardines de Capellania de este municipio, donde se vieron importantes temas para los trabajadores petroleros de confianza reci\u00e9n afiliados a este organismo.<br \/>\nEstando presentes el ingeniero Pablo Figueroa L\u00f3pez, Secretario General Nacional de la UNTYPP y el ingeniero Mois\u00e9s Salmer\u00f3n, Secretario de Actas de la misma organizaci\u00f3n, quienes dieron a conocer a sus sindicalizados que ya se solicit\u00f3 ante la paraestatal el descuento de lo que ser\u00e1n las primeras cuotas sindicales, adem\u00e1s de mencionarles que se hab\u00edan suspendido los cambios de algunos de sus secretarios generales, para verlos con m\u00e1s calma en la siguiente reuni\u00f3n de trabajo.<br \/>\nEste sindicato nace con la convicci\u00f3n de defender a los trabajadores de confianza que no pod\u00edan incorporarse al tradicional Sindicato de Trabajadores Petroleros de la Rep\u00fablica Mexicana, por ello no se contrapone a este organismo y se vuelve un medio m\u00e1s para que los profesionales de Pemex puedan ser defendido de la empresa en caso de ser necesario.<\/p>\n","protected":false},"excerpt":{"rendered":"<p>Cadereyta Jim\u00e9nez, N. L.- El pasado fin de semana se llev\u00f3 a cabo una Junta con los Secretarios del Comit\u00e9 Ejecutivo Nacional de la Uni\u00f3n Nacional de T\u00e9cnicos y Profesionistas de Petr\u00f3leos Mexicanos (UNTYPP) en la colonia Jardines de Capellania de este municipio, donde se vieron importantes temas para los trabajadores petroleros de confianza reci\u00e9n [&hellip;]<\/p>\n","protected":false},"author":9,"featured_media":10971,"comment_status":"open","ping_status":"closed","sticky":false,"template":"","format":"standard","meta":{"footnotes":""},"categories":[17],"tags":[1682,2267],"class_list":["post-10965","post","type-post","status-publish","format-standard","has-post-thumbnail","hentry","category-locales-cadereyta","tag-pablo-figueroa-lopez","tag-untypp"],"_links":{"self":[{"href":"https:\/\/laultimapalabra.com.mx\/portal\/wp-json\/wp\/v2\/posts\/10965","targetHints":{"allow":["GET"]}}],"collection":[{"href":"https:\/\/laultimapalabra.com.mx\/portal\/wp-json\/wp\/v2\/posts"}],"about":[{"href":"https:\/\/laultimapalabra.com.mx\/portal\/wp-json\/wp\/v2\/types\/post"}],"author":[{"embeddable":true,"href":"https:\/\/laultimapalabra.com.mx\/portal\/wp-json\/wp\/v2\/users\/9"}],"replies":[{"embeddable":true,"href":"https:\/\/laultimapalabra.com.mx\/portal\/wp-json\/wp\/v2\/comments?post=10965"}],"version-history":[{"count":1,"href":"https:\/\/laultimapalabra.com.mx\/portal\/wp-json\/wp\/v2\/posts\/10965\/revisions"}],"predecessor-version":[{"id":68797,"href":"https:\/\/laultimapalabra.com.mx\/portal\/wp-json\/wp\/v2\/posts\/10965\/revisions\/68797"}],"wp:featuredmedia":[{"embeddable":true,"href":"https:\/\/laultimapalabra.com.mx\/portal\/wp-json\/"}],"wp:attachment":[{"href":"https:\/\/laultimapalabra.com.mx\/portal\/wp-json\/wp\/v2\/media?parent=10965"}],"wp:term":[{"taxonomy":"category","embeddable":true,"href":"https:\/\/laultimapalabra.com.mx\/portal\/wp-json\/wp\/v2\/categories?post=10965"},{"taxonomy":"post_tag","embeddable":true,"href":"https:\/\/laultimapalabra.com.mx\/portal\/wp-json\/wp\/v2\/tags?post=10965"}],"curies":[{"name":"wp","href":"https:\/\/api.w.org\/{rel}","templated":true}]}}