                       {"id":1100,"date":"2018-04-06T02:33:41","date_gmt":"2018-04-06T02:33:41","guid":{"rendered":"http:\/\/laultimapalabra.info\/?p=1100"},"modified":"2024-12-11T08:37:06","modified_gmt":"2024-12-11T14:37:06","slug":"la-guarida-del-mapache-9","status":"publish","type":"post","link":"https:\/\/laultimapalabra.com.mx\/portal\/la-guarida-del-mapache-9\/","title":{"rendered":"La Guarida del Mapache"},"content":{"rendered":"<p><img loading=\"lazy\" decoding=\"async\" class=\"size-medium wp-image-155 alignleft\" src=\"https:\/\/laultimapalabra.com.mx\/portal\/wp-content\/uploads\/2018\/02\/mapache-300x282.jpeg\" alt=\"\" width=\"300\" height=\"282\" \/>Por: El Mapache<\/p>\n<p style=\"text-align: justify;\">COMITES<\/p>\n<p style=\"text-align: justify;\">La estrategia de Morena en los municipios est\u00e1 del nabo. No hay comit\u00e9s de Morena en ning\u00fan lugar.<\/p>\n<p style=\"text-align: justify;\">DESIGNACIONES<\/p>\n<p style=\"text-align: justify;\">Qu\u00e9 significa eso? Que no hay quien haga designaciones localmente. Las decisiones para las candidaturas son de c\u00fapula y muchas veces\u2026fallan!<\/p>\n<p style=\"text-align: justify;\">ESTIRA<\/p>\n<p style=\"text-align: justify;\">Por eso el estira y afloje en Cadis con el Gordisem\u00e1foro y Ricky Garza.<\/p>\n<p style=\"text-align: justify;\">CONSUELO<\/p>\n<p style=\"text-align: justify;\">El consuelo que le puede quedar al Gordisem\u00e1foro, es que el futuro Alcaldito de Cadis d\u00e9 lugar a que\u2026<\/p>\n<p style=\"text-align: justify;\">ESTAR\u00cdAMOS<\/p>\n<p style=\"text-align: justify;\">\u2026 A que la raza diga: Estar\u00edamos mejor, con \u2018Ya sabes qui\u00e9n\u2019\u2026<\/p>\n<p style=\"text-align: justify;\">TRAICIONES<\/p>\n<p style=\"text-align: justify;\">S\u00ed, porque de plano se la hicieron card\u00edaca al Gordisem\u00e1foro al que le traicion\u00f3 hasta su sombra.<\/p>\n<p style=\"text-align: justify;\">DECIDIR<\/p>\n<p style=\"text-align: justify;\">Claro que Ricky Garza ten\u00eda su proyecto desde hace alg\u00fan tiempo y fue dif\u00edcil para los Morenos de c\u00fapula decidir.<\/p>\n<p style=\"text-align: justify;\">DESPRECIARON<\/p>\n<p style=\"text-align: justify;\">Pero nos queda claro que despreciaron los once mil votos que el Gordisem\u00e1foro reuni\u00f3 para su diputaci\u00f3n y le apostaron a la sangre joven.<\/p>\n<p style=\"text-align: justify;\">DESGASTADOS<\/p>\n<p style=\"text-align: justify;\">Tanto el Gordisem\u00e1foro como Ricky terminaron muy desgastados. Su imagen qued\u00f3 m\u00e1s que deteriorada.<\/p>\n<p style=\"text-align: justify;\">CABILDO<\/p>\n<p style=\"text-align: justify;\">Uno por terco y el otro por traidor. Porque si las cosas son como las dice el Gordisem\u00e1foro, Ricky lo traicion\u00f3 despreciando su futuro en el Cabildo.<\/p>\n<p style=\"text-align: justify;\">ASI MERO<\/p>\n<p style=\"text-align: justify;\">Porque ese era el trato. Ricky a la primera Regidur\u00eda y el Gordisem\u00e1foro a la candidatura.<\/p>\n<p style=\"text-align: justify;\">ENLODADOS<\/p>\n<p style=\"text-align: justify;\">Pero nunca hubo acuerdo alguno entre ellos y las cosas se enlodaron terriblemente.<\/p>\n<p style=\"text-align: justify;\">FRACCIONADO<\/p>\n<p style=\"text-align: justify;\">Ahora el Morenismo de Cadis no qued\u00f3 dividido sino\u2026. Fraccionado!<\/p>\n<p style=\"text-align: justify;\">GAN\u00d3N<\/p>\n<p style=\"text-align: justify;\">Y ni Cosme ni Ricky quedar\u00e1n en el pr\u00f3ximo gobierno municipal. El gan\u00f3n ser\u00e1 el primer Rugidor de Morena, que pudo ser Ricky!<\/p>\n<p style=\"text-align: justify;\">PERDI\u00d3<\/p>\n<p style=\"text-align: justify;\">Malos pol\u00edticos los dos. Les gan\u00f3 la ambici\u00f3n y el que m\u00e1s perdi\u00f3 es el Partido.<\/p>\n<p style=\"text-align: justify;\">NO GANA<\/p>\n<p style=\"text-align: justify;\">Una cosa s\u00ed les puedo jurar por la mam\u00e1 de la Mapacha, AMLO no gana ni a madrazos en Cadis.<\/p>\n<p style=\"text-align: justify;\">SANGUIJUELAS<\/p>\n<p style=\"text-align: justify;\">A todo el mundo le qued\u00f3 claro la clase de sanguijuelas que componen ese instituto pol\u00edtico\u2026 por lo menos en Cadis.<\/p>\n<p style=\"text-align: justify;\">SE FUE<\/p>\n<p style=\"text-align: justify;\">La neta del planeta, es que el que se merec\u00eda estar en la boleta como repre de Morena pues ya anda con el Tricolor del Bigot\u00f3n.<\/p>\n<p style=\"text-align: justify;\">A UN LADO<\/p>\n<p style=\"text-align: justify;\">Y nos referimos a Miky Estrada Riverita, quien se la parti\u00f3 por AMLO y a final de cuentas lo hicieron a un lado.<\/p>\n<p style=\"text-align: justify;\">ANFITRI\u00d3N<\/p>\n<p style=\"text-align: justify;\">Mucho antes de que Ricky o el Gordisem\u00e1foro aparecieran en el horizonte Moreno, el Micky ya recib\u00eda a AMLO en Cadis.<\/p>\n<p style=\"text-align: justify;\">BIGOT\u00d3N<\/p>\n<p style=\"text-align: justify;\">Sin embargo, se hizo a un lado por las traiciones que se viven hacia adentro del Morenismo JImenense y prefiri\u00f3 adherirse al Bigot\u00f3n.<\/p>\n<p style=\"text-align: justify;\">DECISIONES<\/p>\n<p style=\"text-align: justify;\">Cada quien toma sus decisiones y como dice Rub\u00e9n Blades, \u2018Decisiones, todo cuesta<br \/>\nsalgan y hagan sus apuestas Ciuda-da-n\u00eda!\u2019<\/p>\n<p style=\"text-align: justify;\">RIC\u00d3N<\/p>\n<p style=\"text-align: justify;\">Tanto el Gordisem\u00e1foro como Ricky \u2013ahora sabemos Ric\u00f3n- llegaron al precio de la c\u00fapula Morenista y \u2026 todo se decidi\u00f3!<\/p>\n<p style=\"text-align: justify;\">NANAY<\/p>\n<p style=\"text-align: justify;\">Si ambos creen que porque AMLO encabeza las encuestas nacionales, ellos la tienen ganada\u2026 se equivocan!<\/p>\n<p style=\"text-align: justify;\">DESCR\u00c9DITO<\/p>\n<p style=\"text-align: justify;\">El trabajo que se tiene que hacer es mucho, pero m\u00e1s por el desgaste y descr\u00e9dito de los Morenos por tanto desmadre.<\/p>\n<p style=\"text-align: justify;\">DESERTANDO<\/p>\n<p style=\"text-align: justify;\">El fen\u00f3meno actual, es que la raza de Morena est\u00e1 desertando y alguien m\u00e1s est\u00e1 captando ese capital pol\u00edtico.<\/p>\n<p style=\"text-align: justify;\">PAY\u00c1 NO<\/p>\n<p style=\"text-align: justify;\">No nos crean mucho, pero no se est\u00e1n yendo con el Bigot\u00f3n, de eso estamos seguros.<\/p>\n<p style=\"text-align: justify;\">DISTANCIAMIENTO<\/p>\n<p style=\"text-align: justify;\">Pero era de esperarse, y todo esto lo propici\u00f3 el distanciamiento entre los dos m\u00e1s fuertes prec\u00e1ndidos.<\/p>\n<p style=\"text-align: justify;\">ESPUMA<\/p>\n<p style=\"text-align: justify;\">Por lo pronto, como la espuma, Tenchis sigue sube que sube en las encuestas y el Bigot\u00f3n s\u00f3lo mantiene su lugar.<\/p>\n<p style=\"text-align: justify;\">IMPULSO<\/p>\n<p style=\"text-align: justify;\">Nuevamente asoma la cabeza Gil Kardos y m\u00e1s con el impulso que los j\u00f3venes le est\u00e1n dando.<\/p>\n<p style=\"text-align: justify;\">FOTOS<\/p>\n<p style=\"text-align: justify;\">Basta ver las fotos del registro ante la Comi Electoral porque no cab\u00edan todos en la foto\u2026\u00f3rale!<\/p>\n<p style=\"text-align: justify;\">CONFIE<\/p>\n<p style=\"text-align: justify;\">Creemos que podr\u00e1 con el paquete de hacer una campa\u00f1a pegadora, pero que no se conf\u00ede.<\/p>\n<p style=\"text-align: justify;\">POSICI\u00d3N<\/p>\n<p style=\"text-align: justify;\">Por otra parte les comento que para la pr\u00f3xima semana tendremos informaci\u00f3n sobre la posici\u00f3n de los Candidotes.<\/p>\n<p style=\"text-align: justify;\">ENCUESTAS<\/p>\n<p style=\"text-align: justify;\">El Patr\u00f3n ya empez\u00f3 con su hobby preferido\u2026 las encuestas!<\/p>\n<p style=\"text-align: justify;\">OJO DE LA CARA<\/p>\n<p style=\"text-align: justify;\">Y aunque le cuesten un ojo de la cara, ya demostr\u00f3 que nunca se equivoca con ese instrumento!<\/p>\n<p style=\"text-align: justify;\">ABRIL<\/p>\n<p style=\"text-align: justify;\">Ver\u00e9 y les platicar\u00e9\u2026. Feliz inicio de Abril\u2026la vemos!<\/p>\n<p style=\"text-align: justify;\">\n","protected":false},"excerpt":{"rendered":"<p>Por: El Mapache COMITES La estrategia de Morena en los municipios est\u00e1 del nabo. No hay comit\u00e9s de Morena en ning\u00fan lugar. DESIGNACIONES Qu\u00e9 significa eso? Que no hay quien haga designaciones localmente. Las decisiones para las candidaturas son de c\u00fapula y muchas veces\u2026fallan! ESTIRA Por eso el estira y afloje en Cadis con el [&hellip;]<\/p>\n","protected":false},"author":9,"featured_media":155,"comment_status":"open","ping_status":"closed","sticky":false,"template":"","format":"standard","meta":{"footnotes":""},"categories":[1],"tags":[1382],"class_list":["post-1100","post","type-post","status-publish","format-standard","has-post-thumbnail","hentry","category-noticias","tag-la-guarida-del-mapache"],"_links":{"self":[{"href":"https:\/\/laultimapalabra.com.mx\/portal\/wp-json\/wp\/v2\/posts\/1100","targetHints":{"allow":["GET"]}}],"collection":[{"href":"https:\/\/laultimapalabra.com.mx\/portal\/wp-json\/wp\/v2\/posts"}],"about":[{"href":"https:\/\/laultimapalabra.com.mx\/portal\/wp-json\/wp\/v2\/types\/post"}],"author":[{"embeddable":true,"href":"https:\/\/laultimapalabra.com.mx\/portal\/wp-json\/wp\/v2\/users\/9"}],"replies":[{"embeddable":true,"href":"https:\/\/laultimapalabra.com.mx\/portal\/wp-json\/wp\/v2\/comments?post=1100"}],"version-history":[{"count":1,"href":"https:\/\/laultimapalabra.com.mx\/portal\/wp-json\/wp\/v2\/posts\/1100\/revisions"}],"predecessor-version":[{"id":63603,"href":"https:\/\/laultimapalabra.com.mx\/portal\/wp-json\/wp\/v2\/posts\/1100\/revisions\/63603"}],"wp:featuredmedia":[{"embeddable":true,"href":"https:\/\/laultimapalabra.com.mx\/portal\/wp-json\/"}],"wp:attachment":[{"href":"https:\/\/laultimapalabra.com.mx\/portal\/wp-json\/wp\/v2\/media?parent=1100"}],"wp:term":[{"taxonomy":"category","embeddable":true,"href":"https:\/\/laultimapalabra.com.mx\/portal\/wp-json\/wp\/v2\/categories?post=1100"},{"taxonomy":"post_tag","embeddable":true,"href":"https:\/\/laultimapalabra.com.mx\/portal\/wp-json\/wp\/v2\/tags?post=1100"}],"curies":[{"name":"wp","href":"https:\/\/api.w.org\/{rel}","templated":true}]}}