                       {"id":11007,"date":"2019-10-29T07:00:24","date_gmt":"2019-10-29T13:00:24","guid":{"rendered":"http:\/\/laultimapalabra.info\/?p=11007"},"modified":"2024-12-11T08:56:26","modified_gmt":"2024-12-11T14:56:26","slug":"identifican-a-ejecutado-de-cadereyta","status":"publish","type":"post","link":"https:\/\/laultimapalabra.com.mx\/portal\/identifican-a-ejecutado-de-cadereyta\/","title":{"rendered":"Identifican a ejecutado de Cadereyta"},"content":{"rendered":"<p style=\"text-align: justify;\"><img loading=\"lazy\" decoding=\"async\" class=\"size-medium wp-image-11008 alignleft\" src=\"https:\/\/laultimapalabra.com.mx\/portal\/wp-content\/uploads\/2019\/10\/74390215_2669394463105413_320724406496133120_n-300x200.jpg\" alt=\"\" width=\"300\" height=\"200\" \/>Cadereyta Jimenez, N.L.- Luego de las investigaciones que llevan a cabo agentes ministeriales del Grupo de Homicidios, fue identificado un hombre de 18 a\u00f1os, quien fue encontrado ejecutado de un balazo en la cabeza el pasado 22 de octubre, en Cadereyta.<\/p>\n<p style=\"text-align: justify;\">El ahora occiso fue identificado ante la autoridad como Jos\u00e9 David Castro Quintanilla, de quien se dijo ten\u00eda el oficio de jardinero.<\/p>\n<p style=\"text-align: justify;\">El cuerpo de Castro Quintanilla fue encontrado cerca de las 9:00 horas a un lado de la carretera, en el kil\u00f3metro 38 de la Autopista Monterrey-Reynosa, a la altura de la Refiner\u00eda de Pemex.<\/p>\n<p style=\"text-align: justify;\">Seg\u00fan el resultado de la autopsia que le practicaron los m\u00e9dicos forenses al cuerpo, el hombre muri\u00f3 a causa de las lesiones provocadas tras recibir un disparo en la cabeza.<\/p>\n<p style=\"text-align: justify;\">Fuente: El Norte<\/p>\n","protected":false},"excerpt":{"rendered":"<p>Cadereyta Jimenez, N.L.- Luego de las investigaciones que llevan a cabo agentes ministeriales del Grupo de Homicidios, fue identificado un hombre de 18 a\u00f1os, quien fue encontrado ejecutado de un balazo en la cabeza el pasado 22 de octubre, en Cadereyta. El ahora occiso fue identificado ante la autoridad como Jos\u00e9 David Castro Quintanilla, de [&hellip;]<\/p>\n","protected":false},"author":9,"featured_media":11008,"comment_status":"open","ping_status":"closed","sticky":false,"template":"","format":"standard","meta":{"footnotes":""},"categories":[17,8,9],"tags":[926],"class_list":["post-11007","post","type-post","status-publish","format-standard","has-post-thumbnail","hentry","category-locales-cadereyta","category-seguridad","category-seguridad-cadereyta","tag-ejecutados-cadereyta"],"_links":{"self":[{"href":"https:\/\/laultimapalabra.com.mx\/portal\/wp-json\/wp\/v2\/posts\/11007","targetHints":{"allow":["GET"]}}],"collection":[{"href":"https:\/\/laultimapalabra.com.mx\/portal\/wp-json\/wp\/v2\/posts"}],"about":[{"href":"https:\/\/laultimapalabra.com.mx\/portal\/wp-json\/wp\/v2\/types\/post"}],"author":[{"embeddable":true,"href":"https:\/\/laultimapalabra.com.mx\/portal\/wp-json\/wp\/v2\/users\/9"}],"replies":[{"embeddable":true,"href":"https:\/\/laultimapalabra.com.mx\/portal\/wp-json\/wp\/v2\/comments?post=11007"}],"version-history":[{"count":1,"href":"https:\/\/laultimapalabra.com.mx\/portal\/wp-json\/wp\/v2\/posts\/11007\/revisions"}],"predecessor-version":[{"id":68813,"href":"https:\/\/laultimapalabra.com.mx\/portal\/wp-json\/wp\/v2\/posts\/11007\/revisions\/68813"}],"wp:featuredmedia":[{"embeddable":true,"href":"https:\/\/laultimapalabra.com.mx\/portal\/wp-json\/"}],"wp:attachment":[{"href":"https:\/\/laultimapalabra.com.mx\/portal\/wp-json\/wp\/v2\/media?parent=11007"}],"wp:term":[{"taxonomy":"category","embeddable":true,"href":"https:\/\/laultimapalabra.com.mx\/portal\/wp-json\/wp\/v2\/categories?post=11007"},{"taxonomy":"post_tag","embeddable":true,"href":"https:\/\/laultimapalabra.com.mx\/portal\/wp-json\/wp\/v2\/tags?post=11007"}],"curies":[{"name":"wp","href":"https:\/\/api.w.org\/{rel}","templated":true}]}}