                       {"id":11064,"date":"2019-10-31T18:06:29","date_gmt":"2019-11-01T00:06:29","guid":{"rendered":"http:\/\/laultimapalabra.info\/?p=11064"},"modified":"2024-12-11T08:56:28","modified_gmt":"2024-12-11T14:56:28","slug":"acuerdan-apoyo-municipal-a-inegi","status":"publish","type":"post","link":"https:\/\/laultimapalabra.com.mx\/portal\/acuerdan-apoyo-municipal-a-inegi\/","title":{"rendered":"Acuerdan apoyo municipal a INEGI"},"content":{"rendered":"<p style=\"text-align: justify;\"><img loading=\"lazy\" decoding=\"async\" class=\"size-medium wp-image-11066 alignright\" src=\"https:\/\/laultimapalabra.com.mx\/portal\/wp-content\/uploads\/2019\/10\/75dfe048-69b3-4c36-9c15-a2b3dabc1a81-300x200.jpg\" alt=\"\" width=\"300\" height=\"200\" \/>CADEREYTA JIM\u00c9NEZ, N.L.-<br \/>\nCon la finalidad de contribuir mutuamente en el pr\u00f3ximo censo de poblaci\u00f3n, personal del INEGI y funcionarios de la Administraci\u00f3n Municipal de Cadereyta, se reunieron la tarde del 22 de octubre en la sala antigua de Cabildo.<br \/>\nEn dicha reuni\u00f3n se conform\u00f3 un comit\u00e9 integrado por funcionarios que apoyar\u00e1n al personal del INEGI en las distintas labores para realizar el pr\u00f3ximo censo de poblaci\u00f3n del 2 al 27 de marzo del 2020.<br \/>\nErnesto Quintanilla Villarreal, Presidente Municipal de Cadereyta, extern\u00f3 el apoyo incondicional de la Administraci\u00f3n, para colaborar en las acciones a realizarse en el pr\u00f3ximo a\u00f1o, para poder llegar a cada rinc\u00f3n del municipio y tener n\u00fameros m\u00e1s acertados en el censo.<\/p>\n","protected":false},"excerpt":{"rendered":"<p>CADEREYTA JIM\u00c9NEZ, N.L.- Con la finalidad de contribuir mutuamente en el pr\u00f3ximo censo de poblaci\u00f3n, personal del INEGI y funcionarios de la Administraci\u00f3n Municipal de Cadereyta, se reunieron la tarde del 22 de octubre en la sala antigua de Cabildo. En dicha reuni\u00f3n se conform\u00f3 un comit\u00e9 integrado por funcionarios que apoyar\u00e1n al personal del [&hellip;]<\/p>\n","protected":false},"author":9,"featured_media":11065,"comment_status":"open","ping_status":"closed","sticky":false,"template":"","format":"standard","meta":{"footnotes":""},"categories":[17],"tags":[990,1271],"class_list":["post-11064","post","type-post","status-publish","format-standard","has-post-thumbnail","hentry","category-locales-cadereyta","tag-ernesto-quintanilla","tag-inegi"],"_links":{"self":[{"href":"https:\/\/laultimapalabra.com.mx\/portal\/wp-json\/wp\/v2\/posts\/11064","targetHints":{"allow":["GET"]}}],"collection":[{"href":"https:\/\/laultimapalabra.com.mx\/portal\/wp-json\/wp\/v2\/posts"}],"about":[{"href":"https:\/\/laultimapalabra.com.mx\/portal\/wp-json\/wp\/v2\/types\/post"}],"author":[{"embeddable":true,"href":"https:\/\/laultimapalabra.com.mx\/portal\/wp-json\/wp\/v2\/users\/9"}],"replies":[{"embeddable":true,"href":"https:\/\/laultimapalabra.com.mx\/portal\/wp-json\/wp\/v2\/comments?post=11064"}],"version-history":[{"count":1,"href":"https:\/\/laultimapalabra.com.mx\/portal\/wp-json\/wp\/v2\/posts\/11064\/revisions"}],"predecessor-version":[{"id":68837,"href":"https:\/\/laultimapalabra.com.mx\/portal\/wp-json\/wp\/v2\/posts\/11064\/revisions\/68837"}],"wp:featuredmedia":[{"embeddable":true,"href":"https:\/\/laultimapalabra.com.mx\/portal\/wp-json\/"}],"wp:attachment":[{"href":"https:\/\/laultimapalabra.com.mx\/portal\/wp-json\/wp\/v2\/media?parent=11064"}],"wp:term":[{"taxonomy":"category","embeddable":true,"href":"https:\/\/laultimapalabra.com.mx\/portal\/wp-json\/wp\/v2\/categories?post=11064"},{"taxonomy":"post_tag","embeddable":true,"href":"https:\/\/laultimapalabra.com.mx\/portal\/wp-json\/wp\/v2\/tags?post=11064"}],"curies":[{"name":"wp","href":"https:\/\/api.w.org\/{rel}","templated":true}]}}