                       {"id":11094,"date":"2019-10-31T18:33:43","date_gmt":"2019-11-01T00:33:43","guid":{"rendered":"http:\/\/laultimapalabra.info\/?p=11094"},"modified":"2024-12-11T08:56:28","modified_gmt":"2024-12-11T14:56:28","slug":"cambian-director-de-proteccion-civil","status":"publish","type":"post","link":"https:\/\/laultimapalabra.com.mx\/portal\/cambian-director-de-proteccion-civil\/","title":{"rendered":"Cambian director de Protecci\u00f3n Civil"},"content":{"rendered":"<p style=\"text-align: justify;\">Llega Francisco Moyar Mart\u00ednez Bomberos y PC<\/p>\n<p style=\"text-align: justify;\"><img loading=\"lazy\" decoding=\"async\" class=\"size-medium wp-image-11096 alignleft\" src=\"https:\/\/laultimapalabra.com.mx\/portal\/wp-content\/uploads\/2019\/10\/95843a19-0847-49e3-8db6-0baa9da58ee8-225x300.jpg\" alt=\"\" width=\"225\" height=\"300\" \/>Miguel Oscar P\u00e9rez<br \/>\nCD. BENITO JU\u00c1REZ, N.L.-<br \/>\nLas corporaciones de Bomberos y Protecci\u00f3n Civil, estrenaron nuevo director la ma\u00f1ana de ayer, cuando de manera sorpresiva fue presentado el nuevo director de ambas corporaciones, quien tom\u00f3 las riendas de inmediato<br \/>\nA las 11:00 de la ma\u00f1ana del mi\u00e9rcoles, lleg\u00f3 a la sede de las corporaciones el secretario de Seguridad P\u00fablica, Teodoro Jaimes Mart\u00ednez, quien acompa\u00f1\u00f3 al licenciado Francisco Moyar Mart\u00ednez.<br \/>\nEl nuevo director sustituye en su cargo a Mario Hern\u00e1ndez Guti\u00e9rrez, de quien se ignora a que dependencia fue cambiado.<br \/>\nLa rotaci\u00f3n se avecinaba desde el martes, cuando despu\u00e9s de la sesi\u00f3n de cabildo se le notific\u00f3 a Hern\u00e1ndez Guti\u00e9rrez del cambio en la direcci\u00f3n de la corporaci\u00f3n.<br \/>\nEn entrevista con este medio informativo, Moyar Mart\u00ednez se\u00f1al\u00f3 que ya ha laborado con alto grado de experiencia en la ciudad de Monterrey y ser\u00e1 esa experiencia la que ponga en pr\u00e1ctica para sacar adelante a Protecci\u00f3n Civil y Bomberos.<\/p>\n","protected":false},"excerpt":{"rendered":"<p>Llega Francisco Moyar Mart\u00ednez Bomberos y PC Miguel Oscar P\u00e9rez CD. BENITO JU\u00c1REZ, N.L.- Las corporaciones de Bomberos y Protecci\u00f3n Civil, estrenaron nuevo director la ma\u00f1ana de ayer, cuando de manera sorpresiva fue presentado el nuevo director de ambas corporaciones, quien tom\u00f3 las riendas de inmediato A las 11:00 de la ma\u00f1ana del mi\u00e9rcoles, lleg\u00f3 [&hellip;]<\/p>\n","protected":false},"author":9,"featured_media":11095,"comment_status":"open","ping_status":"closed","sticky":false,"template":"","format":"standard","meta":{"footnotes":""},"categories":[18,8,10],"tags":[1103],"class_list":["post-11094","post","type-post","status-publish","format-standard","has-post-thumbnail","hentry","category-locales-juarez","category-seguridad","category-seguridad-juarez","tag-francisco-moyar-martinez-pc-juarez"],"_links":{"self":[{"href":"https:\/\/laultimapalabra.com.mx\/portal\/wp-json\/wp\/v2\/posts\/11094","targetHints":{"allow":["GET"]}}],"collection":[{"href":"https:\/\/laultimapalabra.com.mx\/portal\/wp-json\/wp\/v2\/posts"}],"about":[{"href":"https:\/\/laultimapalabra.com.mx\/portal\/wp-json\/wp\/v2\/types\/post"}],"author":[{"embeddable":true,"href":"https:\/\/laultimapalabra.com.mx\/portal\/wp-json\/wp\/v2\/users\/9"}],"replies":[{"embeddable":true,"href":"https:\/\/laultimapalabra.com.mx\/portal\/wp-json\/wp\/v2\/comments?post=11094"}],"version-history":[{"count":1,"href":"https:\/\/laultimapalabra.com.mx\/portal\/wp-json\/wp\/v2\/posts\/11094\/revisions"}],"predecessor-version":[{"id":68853,"href":"https:\/\/laultimapalabra.com.mx\/portal\/wp-json\/wp\/v2\/posts\/11094\/revisions\/68853"}],"wp:featuredmedia":[{"embeddable":true,"href":"https:\/\/laultimapalabra.com.mx\/portal\/wp-json\/"}],"wp:attachment":[{"href":"https:\/\/laultimapalabra.com.mx\/portal\/wp-json\/wp\/v2\/media?parent=11094"}],"wp:term":[{"taxonomy":"category","embeddable":true,"href":"https:\/\/laultimapalabra.com.mx\/portal\/wp-json\/wp\/v2\/categories?post=11094"},{"taxonomy":"post_tag","embeddable":true,"href":"https:\/\/laultimapalabra.com.mx\/portal\/wp-json\/wp\/v2\/tags?post=11094"}],"curies":[{"name":"wp","href":"https:\/\/api.w.org\/{rel}","templated":true}]}}