                       {"id":110979,"date":"2025-11-13T22:33:51","date_gmt":"2025-11-14T04:33:51","guid":{"rendered":"https:\/\/laultimapalabra.com.mx\/portal\/?p=110979"},"modified":"2025-11-13T22:33:51","modified_gmt":"2025-11-14T04:33:51","slug":"quitan-carros-a-comerciantes-y-clientes-de-mercado-rodante","status":"publish","type":"post","link":"https:\/\/laultimapalabra.com.mx\/portal\/quitan-carros-a-comerciantes-y-clientes-de-mercado-rodante\/","title":{"rendered":"Quitan carros a comerciantes y clientes de mercado rodante"},"content":{"rendered":"<p>Ju\u00e1rez, N.L.- Con un operativo polic\u00edaco y de Tr\u00e1nsito y Vialidad, fueron confiscados varios autos en la rotonda de la avenida Santa Clara en la colonia Valle de Santa Isabel.<br \/>\nLos hechos ocurrieron alrededor de las 8:30 de la noche de hoy, cuando arrib\u00f3 un buen n\u00famero de unidades de Seguridad P\u00fablica de Ju\u00e1rez, para confiscar los veh\u00edculos.<\/p>\n<p><img loading=\"lazy\" decoding=\"async\" class=\"alignnone size-medium wp-image-110985\" src=\"https:\/\/laultimapalabra.com.mx\/portal\/wp-content\/uploads\/2025\/11\/IMG-20251113-WA0024-300x169.jpg\" alt=\"\" width=\"300\" height=\"169\" srcset=\"https:\/\/laultimapalabra.com.mx\/portal\/wp-content\/uploads\/2025\/11\/IMG-20251113-WA0024-300x169.jpg 300w, https:\/\/laultimapalabra.com.mx\/portal\/wp-content\/uploads\/2025\/11\/IMG-20251113-WA0024-1024x576.jpg 1024w, https:\/\/laultimapalabra.com.mx\/portal\/wp-content\/uploads\/2025\/11\/IMG-20251113-WA0024-768x432.jpg 768w, https:\/\/laultimapalabra.com.mx\/portal\/wp-content\/uploads\/2025\/11\/IMG-20251113-WA0024-1536x864.jpg 1536w, https:\/\/laultimapalabra.com.mx\/portal\/wp-content\/uploads\/2025\/11\/IMG-20251113-WA0024.jpg 1600w\" sizes=\"auto, (max-width: 300px) 100vw, 300px\" \/><br \/>\nLos comerciantes y los clientes que resultaron afectados, se incomodaron con la medida, calde\u00e1ndose los \u00e1nimos en el lugar.<br \/>\nPor otra parte, las autoridades alegaban que las camionetas y autos de clientes y comerciantes estaban en un lugar prohibido, pero la parte contraria asegura que no hubo notificaci\u00f3n anterior\u00a0a\u00a0los\u00a0hechos.<\/p>\n","protected":false},"excerpt":{"rendered":"<p>Ju\u00e1rez, N.L.- Con un operativo polic\u00edaco y de Tr\u00e1nsito y Vialidad, fueron confiscados varios autos en la rotonda de la avenida Santa Clara en la colonia Valle de Santa Isabel. Los hechos ocurrieron alrededor de las 8:30 de la noche de hoy, cuando arrib\u00f3 un buen n\u00famero de unidades de Seguridad P\u00fablica de Ju\u00e1rez, para [&hellip;]<\/p>\n","protected":false},"author":14,"featured_media":110986,"comment_status":"closed","ping_status":"closed","sticky":false,"template":"","format":"standard","meta":{"footnotes":""},"categories":[18],"tags":[],"class_list":["post-110979","post","type-post","status-publish","format-standard","has-post-thumbnail","hentry","category-locales-juarez"],"_links":{"self":[{"href":"https:\/\/laultimapalabra.com.mx\/portal\/wp-json\/wp\/v2\/posts\/110979","targetHints":{"allow":["GET"]}}],"collection":[{"href":"https:\/\/laultimapalabra.com.mx\/portal\/wp-json\/wp\/v2\/posts"}],"about":[{"href":"https:\/\/laultimapalabra.com.mx\/portal\/wp-json\/wp\/v2\/types\/post"}],"author":[{"embeddable":true,"href":"https:\/\/laultimapalabra.com.mx\/portal\/wp-json\/wp\/v2\/users\/14"}],"replies":[{"embeddable":true,"href":"https:\/\/laultimapalabra.com.mx\/portal\/wp-json\/wp\/v2\/comments?post=110979"}],"version-history":[{"count":1,"href":"https:\/\/laultimapalabra.com.mx\/portal\/wp-json\/wp\/v2\/posts\/110979\/revisions"}],"predecessor-version":[{"id":110987,"href":"https:\/\/laultimapalabra.com.mx\/portal\/wp-json\/wp\/v2\/posts\/110979\/revisions\/110987"}],"wp:featuredmedia":[{"embeddable":true,"href":"https:\/\/laultimapalabra.com.mx\/portal\/wp-json\/wp\/v2\/media\/110986"}],"wp:attachment":[{"href":"https:\/\/laultimapalabra.com.mx\/portal\/wp-json\/wp\/v2\/media?parent=110979"}],"wp:term":[{"taxonomy":"category","embeddable":true,"href":"https:\/\/laultimapalabra.com.mx\/portal\/wp-json\/wp\/v2\/categories?post=110979"},{"taxonomy":"post_tag","embeddable":true,"href":"https:\/\/laultimapalabra.com.mx\/portal\/wp-json\/wp\/v2\/tags?post=110979"}],"curies":[{"name":"wp","href":"https:\/\/api.w.org\/{rel}","templated":true}]}}