                       {"id":11101,"date":"2019-10-31T18:37:38","date_gmt":"2019-11-01T00:37:38","guid":{"rendered":"http:\/\/laultimapalabra.info\/?p=11101"},"modified":"2024-12-11T08:56:28","modified_gmt":"2024-12-11T14:56:28","slug":"el-quemador-88","status":"publish","type":"post","link":"https:\/\/laultimapalabra.com.mx\/portal\/el-quemador-88\/","title":{"rendered":"El Quemador"},"content":{"rendered":"<p><img loading=\"lazy\" decoding=\"async\" class=\"size-medium wp-image-159 alignleft\" src=\"https:\/\/laultimapalabra.com.mx\/portal\/wp-content\/uploads\/2018\/02\/Banner-Caliente-copia-300x171.jpg\" alt=\"\" width=\"300\" height=\"171\" \/>Por: El Repre<\/p>\n<p style=\"text-align: justify;\">FELICIDADES<br \/>\nIniciamos esta columneja cont\u00e1ndoles que la que hace d\u00edas cumpli\u00f3 un a\u00f1o m\u00e1s de vida fue nuestra comayita Anita Mart\u00ednez del mero Recursos Humanos\u2026por tal motivo sus compa\u00f1eras de Personal le organizaron un agradable convivio donde adem\u00e1s de desearle lo mejor, degustaron un delicioso molito y exquisito pastel\u2026pues muchas felicidades a la siempre querida y respetada Anita Mart\u00ednez!!<br \/>\nGORDA JARIOSA<br \/>\nTambi\u00e9n de Recursos nos dicen que el que se resiste a largarse de la Refiner\u00eda es ni m\u00e1s ni menos que Rene la gorda jariosa Res\u00e9ndiz\u2026ya ven que les dijimos que pronto se ir\u00eda jubilado, pues el muy desgraciado ha contado con la suerte de perro sarnoso que tiene, de que todo se par\u00f3 y su salida sigue en el aire\u2026aguanten colegas Representantes y chicas de Personal, porque de que se larga se larga!!<br \/>\nVENTANILLA 4<br \/>\nY \u00bfQu\u00e9 creen? Pues que de nueva cuenta nos vuelve a caer informaci\u00f3n de las mujeres que atienden en la ventanilla numero 4\u2026pero la mera verdad ya chole con este tema, pues primero nos la hicieron de emoci\u00f3n, despu\u00e9s dijeron que la malvada de la mesa era la tal Cinthia\u2026y ahora nos salen con que hay otra m\u00e1s desgraciada que al Cinthia\u2026ya p\u00f3nganse de acuerdo pues!!<br \/>\nMEC\u00c1NICO<br \/>\nComo dicen por ah\u00ed lo prometido es deuda y los compitas del Taller Mec\u00e1nico si cumplen\u2026y es que nos manda el nombre de la famosa bruja del Mec\u00e1nico, este terror\u00edfico ser que no ha dejado vivo a ning\u00fan operario del glorioso taller\u2026es m\u00e1s hasta varios ayudantes se ha pasado por las armas, esta bruja no tiene llenadera\u2026 \u00bfya quieren saber de qui\u00e9n se trata? S\u00edganle!!<br \/>\nKARLA<br \/>\nPues ay tienen que la bruja del Mec\u00e1nico se llama Karla y literalmente tiene embrujados a varios compitas del Taller\u2026y no precisamente con sus encantos, dicen que la vieja est\u00e1 bien gacha y que cuando la ven dan ganas de correr, lo que pasa es que a todos les hace sus conjuros diab\u00f3licos, para m\u00e1s se\u00f1as ah\u00ed tienen al Mu\u00f1eco Diab\u00f3lico que ya no da una\u2026pobre compa, iluso y baboso!!<br \/>\nEL CHUKY<br \/>\nCuenta la leyenda que el Chuky no era as\u00ed, pero cay\u00f3 en los embelesos malignos de la Bruja Gonz\u00e1lez y a esta se le pas\u00f3 la dosis de toloache con dosis de venga venga y agua de calz\u00f3n (iuuu) y por eso el mu\u00f1eco qued\u00f3 todo menso (bueno, mucho m\u00e1s)\u2026pues tremendo problem\u00f3n el del Chuky quien no se pudo resistir a los conjuros de la Bruja malvada y ahora est\u00e1 a punto de quedarse en la vil calle\u2026por tontejo!!<br \/>\nOCTAVIO<br \/>\nTambi\u00e9n nos dicen que las malas lenguas del Mec\u00e1nico que la Bruja Karla es la que surte a la Cristian para los trabajos que le hace a Octavio el Vikingo Guerrero\u2026no bueno, aqu\u00ed s\u00ed que se la ba\u00f1aron los compitas del Mec\u00e1nico, pues el cuerno largo mayor de Octavio no necesita ning\u00fan amarre o brujer\u00eda para caer rendido a las patitas de la Cristian\u2026porque el que por su gusto es buey, hasta los cuernos se lame\u2026ni c\u00f3mo ayudar al Octavio!!<br \/>\nCATAL\u00cdTICA<br \/>\nDe la Planta Catal\u00edtica I nos cuentan que el pasado fin de semana se puso buena la cosa con una de las tripulaciones pero que afecto a toda la Planta, incluso a toda la Refiner\u00eda\u2026y es que pa empezar la Planta sali\u00f3 de operaci\u00f3n repentinamente por \u201cproblemas operacionales\u201d y pues ya saben que eso trae problemas, sobre todo perdidas en el \u00e1mbito de la producci\u00f3n\u2026s\u00edganle!!<br \/>\nPAP\u00c1 ALAN\u00cdS<br \/>\nY si bien es cierto que el paro de la Planta afecto, lo que encendi\u00f3 a todos los integrantes del departamento fue el enterarse que el que se cree el padre la operaci\u00f3n en la Planta, el tal Alan\u00eds se agarr\u00f3 de la situaci\u00f3n para empinar a sus propios compa\u00f1eros, se\u00f1al\u00e1ndolos y report\u00e1ndolos feamente con los Ingenieros del Sector y del Grupo de Direcci\u00f3n\u2026que mala leche la del cre\u00eddo Alan\u00eds!!<br \/>\nMARIC\u00d3N<br \/>\nLa mera verdad no se vale que el tal Alan\u00eds ande de pone dedos con los Ingenieros perjudicando a sus compa\u00f1eros\u2026lo peor es que el muy imb\u00e9cil cree que nadie sabe que \u00e9l fue el que los empino\u2026pero nos dicen que muchos lo vieron por los pasillos de la Planta y hasta lo oyeron pasar toda la informaci\u00f3n a los Ingenieros\u2026pues tan grandote y tan maric\u00f3n sali\u00f3 el tal Alan\u00eds, s\u00e1quenle la vuelta compitas por pu..lilo!!<br \/>\nArrivederchi!!<\/p>\n","protected":false},"excerpt":{"rendered":"<p>Por: El Repre FELICIDADES Iniciamos esta columneja cont\u00e1ndoles que la que hace d\u00edas cumpli\u00f3 un a\u00f1o m\u00e1s de vida fue nuestra comayita Anita Mart\u00ednez del mero Recursos Humanos\u2026por tal motivo sus compa\u00f1eras de Personal le organizaron un agradable convivio donde adem\u00e1s de desearle lo mejor, degustaron un delicioso molito y exquisito pastel\u2026pues muchas felicidades a [&hellip;]<\/p>\n","protected":false},"author":9,"featured_media":159,"comment_status":"open","ping_status":"closed","sticky":false,"template":"","format":"standard","meta":{"footnotes":""},"categories":[1],"tags":[944],"class_list":["post-11101","post","type-post","status-publish","format-standard","has-post-thumbnail","hentry","category-noticias","tag-el-repre-el-quemador"],"_links":{"self":[{"href":"https:\/\/laultimapalabra.com.mx\/portal\/wp-json\/wp\/v2\/posts\/11101","targetHints":{"allow":["GET"]}}],"collection":[{"href":"https:\/\/laultimapalabra.com.mx\/portal\/wp-json\/wp\/v2\/posts"}],"about":[{"href":"https:\/\/laultimapalabra.com.mx\/portal\/wp-json\/wp\/v2\/types\/post"}],"author":[{"embeddable":true,"href":"https:\/\/laultimapalabra.com.mx\/portal\/wp-json\/wp\/v2\/users\/9"}],"replies":[{"embeddable":true,"href":"https:\/\/laultimapalabra.com.mx\/portal\/wp-json\/wp\/v2\/comments?post=11101"}],"version-history":[{"count":1,"href":"https:\/\/laultimapalabra.com.mx\/portal\/wp-json\/wp\/v2\/posts\/11101\/revisions"}],"predecessor-version":[{"id":68857,"href":"https:\/\/laultimapalabra.com.mx\/portal\/wp-json\/wp\/v2\/posts\/11101\/revisions\/68857"}],"wp:featuredmedia":[{"embeddable":true,"href":"https:\/\/laultimapalabra.com.mx\/portal\/wp-json\/"}],"wp:attachment":[{"href":"https:\/\/laultimapalabra.com.mx\/portal\/wp-json\/wp\/v2\/media?parent=11101"}],"wp:term":[{"taxonomy":"category","embeddable":true,"href":"https:\/\/laultimapalabra.com.mx\/portal\/wp-json\/wp\/v2\/categories?post=11101"},{"taxonomy":"post_tag","embeddable":true,"href":"https:\/\/laultimapalabra.com.mx\/portal\/wp-json\/wp\/v2\/tags?post=11101"}],"curies":[{"name":"wp","href":"https:\/\/api.w.org\/{rel}","templated":true}]}}