                       {"id":11105,"date":"2019-10-31T18:40:41","date_gmt":"2019-11-01T00:40:41","guid":{"rendered":"http:\/\/laultimapalabra.info\/?p=11105"},"modified":"2024-12-11T08:56:28","modified_gmt":"2024-12-11T14:56:28","slug":"usted-tiene-la-ultima-palabra-85","status":"publish","type":"post","link":"https:\/\/laultimapalabra.com.mx\/portal\/usted-tiene-la-ultima-palabra-85\/","title":{"rendered":"Usted tiene&#8230;La \u00daltima Palabra"},"content":{"rendered":"<p><strong><img loading=\"lazy\" decoding=\"async\" class=\"size-medium wp-image-390 alignleft\" src=\"https:\/\/laultimapalabra.com.mx\/portal\/wp-content\/uploads\/2018\/02\/28169846_1705449459476714_78449556_o-203x300.jpg\" alt=\"\" width=\"203\" height=\"300\" \/>La frustraci\u00f3n<\/strong><\/p>\n<p style=\"text-align: justify;\">Por: Ing. Jes\u00fas Herrera R\u00e1bago<\/p>\n<p style=\"text-align: justify;\">En los \u00faltimos d\u00edas, en el pa\u00eds de Chile se han vivido protestas masivas, acompa\u00f1adas de fuertes disturbios que iniciaron en Santiago y se propagaron a las principales ciudades del pa\u00eds, como Concepci\u00f3n, la Serena-Coquimbo, Valpara\u00edso y otras m\u00e1s. El detonante fue el alza en la tarifa del sistema p\u00fablico de transporte, que entr\u00f3 en vigor el 6 de octubre de este a\u00f1o. Miles de estudiantes protestaron invadiendo el Metro de Santiago sin pagar, lo cual fue tomando m\u00e1s fuerza hasta llegar a disturbios y saqueos por lo cual el Presidente decret\u00f3 el estado de emergencia en algunos sectores de Santiago y hasta el toque de queda por las noches.Aunque la gota que derram\u00f3 el vaso fue el alza en el transporte, la protesta en general es por el alto costo de la vida (Santiago es la segunda ciudad m\u00e1s cara de Latinoam\u00e9rica), adem\u00e1s de las bajas pensiones, precios elevados en medicinas, pero sobre todo un rechazo generalizado a la clase pol\u00edtica y sobre todo, argumentan la desigualdad.Sin embargo, llama la atenci\u00f3n que Chile es el pa\u00eds latinoamericano que m\u00e1s ha crecido en las \u00faltimas d\u00e9cadas y el que m\u00e1s ha reducido la pobreza, seg\u00fan la Comisi\u00f3n Econ\u00f3mica para Am\u00e9rica Latina y el Caribe (CEPAL), la pobreza extrema en chile cay\u00f3 de 5.6% en 2002 a 1.8% en 2016, y la pobreza general de 40.1 a 13.7%. Esto lo sit\u00faa como el pa\u00eds m\u00e1s pr\u00f3spero de Latinoam\u00e9rica.\u00bfC\u00f3mo explicar esto? Una primera respuesta ser\u00eda que los indicadores macroecon\u00f3micos no necesariamente se refleja en la microeconom\u00eda de las familias, sin embargo, en este caso el nivel de pobreza no es tan alto, es decir, la gente tendr\u00eda al menos lo necesario para vivir. Otra respuesta, es que detr\u00e1s est\u00e9n intereses pol\u00edticos de adversarios del Gobierno que aprovechando las ventajas de las redes sociales, inmediatamente prenden a las masas.Quiz\u00e1 otra posible respuesta es que vivimos en una sociedad consumista gracias a la enorme cantidad de informaci\u00f3n que poseemos, la gente quiere m\u00e1s y m\u00e1s. Las expectativas crecen por todo lo que vemos y recibimos de informaci\u00f3n en un mundo globalizado, pero desgraciadamente, al no poder lograrlo viene la frustraci\u00f3n, el enojo, que muy f\u00e1cil puede reflejarse en actos de protesta y de violencia.As\u00ed las cosas, si en Chile con esos indicadores econ\u00f3micos est\u00e1n enojados, que nos dejan a nosotros donde la pobreza alcanza a 61 millones de mexicanos, y la pobreza extrema a 21 millones. Esta es mi opini\u00f3n, usted tiene La \u00daltima Palabra.<\/p>\n","protected":false},"excerpt":{"rendered":"<p>La frustraci\u00f3n Por: Ing. Jes\u00fas Herrera R\u00e1bago En los \u00faltimos d\u00edas, en el pa\u00eds de Chile se han vivido protestas masivas, acompa\u00f1adas de fuertes disturbios que iniciaron en Santiago y se propagaron a las principales ciudades del pa\u00eds, como Concepci\u00f3n, la Serena-Coquimbo, Valpara\u00edso y otras m\u00e1s. El detonante fue el alza en la tarifa del [&hellip;]<\/p>\n","protected":false},"author":9,"featured_media":390,"comment_status":"open","ping_status":"closed","sticky":false,"template":"","format":"standard","meta":{"footnotes":""},"categories":[1],"tags":[1278],"class_list":["post-11105","post","type-post","status-publish","format-standard","has-post-thumbnail","hentry","category-noticias","tag-ing-jesus-herrera-rabago"],"_links":{"self":[{"href":"https:\/\/laultimapalabra.com.mx\/portal\/wp-json\/wp\/v2\/posts\/11105","targetHints":{"allow":["GET"]}}],"collection":[{"href":"https:\/\/laultimapalabra.com.mx\/portal\/wp-json\/wp\/v2\/posts"}],"about":[{"href":"https:\/\/laultimapalabra.com.mx\/portal\/wp-json\/wp\/v2\/types\/post"}],"author":[{"embeddable":true,"href":"https:\/\/laultimapalabra.com.mx\/portal\/wp-json\/wp\/v2\/users\/9"}],"replies":[{"embeddable":true,"href":"https:\/\/laultimapalabra.com.mx\/portal\/wp-json\/wp\/v2\/comments?post=11105"}],"version-history":[{"count":1,"href":"https:\/\/laultimapalabra.com.mx\/portal\/wp-json\/wp\/v2\/posts\/11105\/revisions"}],"predecessor-version":[{"id":68861,"href":"https:\/\/laultimapalabra.com.mx\/portal\/wp-json\/wp\/v2\/posts\/11105\/revisions\/68861"}],"wp:featuredmedia":[{"embeddable":true,"href":"https:\/\/laultimapalabra.com.mx\/portal\/wp-json\/"}],"wp:attachment":[{"href":"https:\/\/laultimapalabra.com.mx\/portal\/wp-json\/wp\/v2\/media?parent=11105"}],"wp:term":[{"taxonomy":"category","embeddable":true,"href":"https:\/\/laultimapalabra.com.mx\/portal\/wp-json\/wp\/v2\/categories?post=11105"},{"taxonomy":"post_tag","embeddable":true,"href":"https:\/\/laultimapalabra.com.mx\/portal\/wp-json\/wp\/v2\/tags?post=11105"}],"curies":[{"name":"wp","href":"https:\/\/api.w.org\/{rel}","templated":true}]}}