                       {"id":112204,"date":"2026-01-05T15:37:51","date_gmt":"2026-01-05T21:37:51","guid":{"rendered":"https:\/\/laultimapalabra.com.mx\/portal\/?p=112204"},"modified":"2026-01-05T15:37:51","modified_gmt":"2026-01-05T21:37:51","slug":"ataque-armado-deja-dos-jovenes-heridos-en-barrio-estrella-en-monterrey","status":"publish","type":"post","link":"https:\/\/laultimapalabra.com.mx\/portal\/ataque-armado-deja-dos-jovenes-heridos-en-barrio-estrella-en-monterrey\/","title":{"rendered":"Ataque Armado Deja Dos J\u00f3venes Heridos en Barrio Estrella en Monterrey"},"content":{"rendered":"<p>Un ataque armado dej\u00f3 como saldo dos hombres lesionados de 19 y 22 a\u00f1os de edad, durante la ma\u00f1ana del lunes 5 de enero, en la zona norte de la ciudad de Monterrey, uno de ellos se encuentra grave y con riesgo de perder la vida debido a los impactos de bala recibidos. De acuerdo con las indagatorias, un grupo de hombres llego a una casa donde les prometieron trabajo, aparentemente en el ramo de seguridad; mientras esperaban llegaron personas armadas y les dispararon. Tras la agresi\u00f3n, las presuntas v\u00edctimas corrieron a pedir apoyo a distintos negocios.<br \/>\nFUENTE: N+<\/p>\n","protected":false},"excerpt":{"rendered":"<p>Un ataque armado dej\u00f3 como saldo dos hombres lesionados de 19 y 22 a\u00f1os de edad, durante la ma\u00f1ana del lunes 5 de enero, en la zona norte de la ciudad de Monterrey, uno de ellos se encuentra grave y con riesgo de perder la vida debido a los impactos de bala recibidos. De acuerdo [&hellip;]<\/p>\n","protected":false},"author":14,"featured_media":112200,"comment_status":"closed","ping_status":"closed","sticky":false,"template":"","format":"standard","meta":{"footnotes":""},"categories":[15],"tags":[],"class_list":["post-112204","post","type-post","status-publish","format-standard","has-post-thumbnail","hentry","category-estado"],"_links":{"self":[{"href":"https:\/\/laultimapalabra.com.mx\/portal\/wp-json\/wp\/v2\/posts\/112204","targetHints":{"allow":["GET"]}}],"collection":[{"href":"https:\/\/laultimapalabra.com.mx\/portal\/wp-json\/wp\/v2\/posts"}],"about":[{"href":"https:\/\/laultimapalabra.com.mx\/portal\/wp-json\/wp\/v2\/types\/post"}],"author":[{"embeddable":true,"href":"https:\/\/laultimapalabra.com.mx\/portal\/wp-json\/wp\/v2\/users\/14"}],"replies":[{"embeddable":true,"href":"https:\/\/laultimapalabra.com.mx\/portal\/wp-json\/wp\/v2\/comments?post=112204"}],"version-history":[{"count":1,"href":"https:\/\/laultimapalabra.com.mx\/portal\/wp-json\/wp\/v2\/posts\/112204\/revisions"}],"predecessor-version":[{"id":112205,"href":"https:\/\/laultimapalabra.com.mx\/portal\/wp-json\/wp\/v2\/posts\/112204\/revisions\/112205"}],"wp:featuredmedia":[{"embeddable":true,"href":"https:\/\/laultimapalabra.com.mx\/portal\/wp-json\/wp\/v2\/media\/112200"}],"wp:attachment":[{"href":"https:\/\/laultimapalabra.com.mx\/portal\/wp-json\/wp\/v2\/media?parent=112204"}],"wp:term":[{"taxonomy":"category","embeddable":true,"href":"https:\/\/laultimapalabra.com.mx\/portal\/wp-json\/wp\/v2\/categories?post=112204"},{"taxonomy":"post_tag","embeddable":true,"href":"https:\/\/laultimapalabra.com.mx\/portal\/wp-json\/wp\/v2\/tags?post=112204"}],"curies":[{"name":"wp","href":"https:\/\/api.w.org\/{rel}","templated":true}]}}