                       {"id":112412,"date":"2026-01-14T15:18:09","date_gmt":"2026-01-14T21:18:09","guid":{"rendered":"https:\/\/laultimapalabra.com.mx\/portal\/?p=112412"},"modified":"2026-01-14T15:18:09","modified_gmt":"2026-01-14T21:18:09","slug":"fallece-trabajador-de-la-linea-6-del-metro-tras-accidente-en-san-nicolas","status":"publish","type":"post","link":"https:\/\/laultimapalabra.com.mx\/portal\/fallece-trabajador-de-la-linea-6-del-metro-tras-accidente-en-san-nicolas\/","title":{"rendered":"Fallece Trabajador de la L\u00ednea 6 del Metro Tras Accidente en San Nicol\u00e1s"},"content":{"rendered":"<p>Un trabajador de la obra de la L\u00ednea 6 del Metro de Monterrey perdi\u00f3 la vida luego de resultar gravemente lesionado tras un accidente ocurrido sobre la carretera Miguel Alem\u00e1n, a la altura del cruce con R\u00f3mulo Garza, en el municipio de San Nicol\u00e1s. De acuerdo con informaci\u00f3n confirmada por fuentes oficiales, el incidente se registr\u00f3 poco antes del mediod\u00eda del martes, cuando varios tubos de gran peso cayeron sobre el obrero mientras se realizaban maniobras de instalaci\u00f3n en la zona. El hombre sufri\u00f3 la amputaci\u00f3n de la pierna izquierda, as\u00ed como lesiones severas en un brazo y una mano, adem\u00e1s de m\u00faltiples fracturas. Tras el accidente, fue atendido por cuerpos de emergencia y trasladado de urgencia a la Cl\u00ednica. Durante el traslado y su atenci\u00f3n m\u00e9dica, el trabajador present\u00f3 al menos cuatro paros cardiorrespiratorios. Personal m\u00e9dico logr\u00f3 mantenerlo con vida durante varias horas; sin embargo, falleci\u00f3 poco despu\u00e9s de las 22:00 horas.<br \/>\nFUENTE: N+<\/p>\n","protected":false},"excerpt":{"rendered":"<p>Un trabajador de la obra de la L\u00ednea 6 del Metro de Monterrey perdi\u00f3 la vida luego de resultar gravemente lesionado tras un accidente ocurrido sobre la carretera Miguel Alem\u00e1n, a la altura del cruce con R\u00f3mulo Garza, en el municipio de San Nicol\u00e1s. De acuerdo con informaci\u00f3n confirmada por fuentes oficiales, el incidente se [&hellip;]<\/p>\n","protected":false},"author":14,"featured_media":112408,"comment_status":"closed","ping_status":"closed","sticky":false,"template":"","format":"standard","meta":{"footnotes":""},"categories":[15],"tags":[],"class_list":["post-112412","post","type-post","status-publish","format-standard","has-post-thumbnail","hentry","category-estado"],"_links":{"self":[{"href":"https:\/\/laultimapalabra.com.mx\/portal\/wp-json\/wp\/v2\/posts\/112412","targetHints":{"allow":["GET"]}}],"collection":[{"href":"https:\/\/laultimapalabra.com.mx\/portal\/wp-json\/wp\/v2\/posts"}],"about":[{"href":"https:\/\/laultimapalabra.com.mx\/portal\/wp-json\/wp\/v2\/types\/post"}],"author":[{"embeddable":true,"href":"https:\/\/laultimapalabra.com.mx\/portal\/wp-json\/wp\/v2\/users\/14"}],"replies":[{"embeddable":true,"href":"https:\/\/laultimapalabra.com.mx\/portal\/wp-json\/wp\/v2\/comments?post=112412"}],"version-history":[{"count":1,"href":"https:\/\/laultimapalabra.com.mx\/portal\/wp-json\/wp\/v2\/posts\/112412\/revisions"}],"predecessor-version":[{"id":112413,"href":"https:\/\/laultimapalabra.com.mx\/portal\/wp-json\/wp\/v2\/posts\/112412\/revisions\/112413"}],"wp:featuredmedia":[{"embeddable":true,"href":"https:\/\/laultimapalabra.com.mx\/portal\/wp-json\/wp\/v2\/media\/112408"}],"wp:attachment":[{"href":"https:\/\/laultimapalabra.com.mx\/portal\/wp-json\/wp\/v2\/media?parent=112412"}],"wp:term":[{"taxonomy":"category","embeddable":true,"href":"https:\/\/laultimapalabra.com.mx\/portal\/wp-json\/wp\/v2\/categories?post=112412"},{"taxonomy":"post_tag","embeddable":true,"href":"https:\/\/laultimapalabra.com.mx\/portal\/wp-json\/wp\/v2\/tags?post=112412"}],"curies":[{"name":"wp","href":"https:\/\/api.w.org\/{rel}","templated":true}]}}