                       {"id":11295,"date":"2019-11-11T16:39:33","date_gmt":"2019-11-11T22:39:33","guid":{"rendered":"http:\/\/laultimapalabra.info\/?p=11295"},"modified":"2024-12-11T08:56:31","modified_gmt":"2024-12-11T14:56:31","slug":"realizara-servicios-de-emergencias-cadereyta-rondines-por-bajas-temperaturas","status":"publish","type":"post","link":"https:\/\/laultimapalabra.com.mx\/portal\/realizara-servicios-de-emergencias-cadereyta-rondines-por-bajas-temperaturas\/","title":{"rendered":"Realizar\u00e1 Servicios de Emergencias Cadereyta rondines por bajas temperaturas"},"content":{"rendered":"<p style=\"text-align: justify;\"><img loading=\"lazy\" decoding=\"async\" class=\"size-medium wp-image-11296 alignleft\" src=\"https:\/\/laultimapalabra.com.mx\/portal\/wp-content\/uploads\/2019\/11\/WhatsApp-Image-2019-11-11-at-3.38.38-PM-3-300x169.jpeg\" alt=\"\" width=\"300\" height=\"169\" \/>Cadereyta Jim\u00e9nez, N. L.- Respecto a la onda g\u00e9lida que llegar\u00e1 el dia de ma\u00f1ana martes, el director de Servicios de Emergencia Cadereyta, Guillermo De Le\u00f3n Delgado, dijo que hoy se tuvo una reuni\u00f3n con Ernesto Quintanilla, alcalde de esta ciudad, con el fin de prever las acciones que se llevar\u00e1n a cabo en el municipio con el fin de salvaguardar a la poblaci\u00f3n de estas bajas temperaturas.<br \/>\nRecorridos en colonias como Fomerrey Cadereyta o el \u00e1rea final de la colonia Salinas de Gortari, ser\u00e1n las que se recorrer\u00e1n seg\u00fan lo mencion\u00f3 el funcionario municipal, quien como de costumbre conmin\u00f3 a la ciudadan\u00eda a que si no hab\u00eda motivos para salir, pues evitara hacerlo; adem\u00e1s de cubrirse bien pecho, o\u00eddos y nariz<br \/>\nAsimismo, dijo que los albergues municipales se encuentran activos por cualquier contingencia, siendo el principal de ellos el que est\u00e1 en el DIF Ger\u00f3nimo Trevi\u00f1o, precisamente a espaldas de Servicios de Emergencia Cadereyta.<\/p>\n","protected":false},"excerpt":{"rendered":"<p>Cadereyta Jim\u00e9nez, N. L.- Respecto a la onda g\u00e9lida que llegar\u00e1 el dia de ma\u00f1ana martes, el director de Servicios de Emergencia Cadereyta, Guillermo De Le\u00f3n Delgado, dijo que hoy se tuvo una reuni\u00f3n con Ernesto Quintanilla, alcalde de esta ciudad, con el fin de prever las acciones que se llevar\u00e1n a cabo en el [&hellip;]<\/p>\n","protected":false},"author":9,"featured_media":11296,"comment_status":"open","ping_status":"closed","sticky":false,"template":"","format":"standard","meta":{"footnotes":""},"categories":[17],"tags":[1172,2136],"class_list":["post-11295","post","type-post","status-publish","format-standard","has-post-thumbnail","hentry","category-locales-cadereyta","tag-guillermo-de-leon-delgado","tag-servicios-de-emergencias-cadereyta"],"_links":{"self":[{"href":"https:\/\/laultimapalabra.com.mx\/portal\/wp-json\/wp\/v2\/posts\/11295","targetHints":{"allow":["GET"]}}],"collection":[{"href":"https:\/\/laultimapalabra.com.mx\/portal\/wp-json\/wp\/v2\/posts"}],"about":[{"href":"https:\/\/laultimapalabra.com.mx\/portal\/wp-json\/wp\/v2\/types\/post"}],"author":[{"embeddable":true,"href":"https:\/\/laultimapalabra.com.mx\/portal\/wp-json\/wp\/v2\/users\/9"}],"replies":[{"embeddable":true,"href":"https:\/\/laultimapalabra.com.mx\/portal\/wp-json\/wp\/v2\/comments?post=11295"}],"version-history":[{"count":1,"href":"https:\/\/laultimapalabra.com.mx\/portal\/wp-json\/wp\/v2\/posts\/11295\/revisions"}],"predecessor-version":[{"id":68957,"href":"https:\/\/laultimapalabra.com.mx\/portal\/wp-json\/wp\/v2\/posts\/11295\/revisions\/68957"}],"wp:featuredmedia":[{"embeddable":true,"href":"https:\/\/laultimapalabra.com.mx\/portal\/wp-json\/"}],"wp:attachment":[{"href":"https:\/\/laultimapalabra.com.mx\/portal\/wp-json\/wp\/v2\/media?parent=11295"}],"wp:term":[{"taxonomy":"category","embeddable":true,"href":"https:\/\/laultimapalabra.com.mx\/portal\/wp-json\/wp\/v2\/categories?post=11295"},{"taxonomy":"post_tag","embeddable":true,"href":"https:\/\/laultimapalabra.com.mx\/portal\/wp-json\/wp\/v2\/tags?post=11295"}],"curies":[{"name":"wp","href":"https:\/\/api.w.org\/{rel}","templated":true}]}}