                       {"id":11390,"date":"2019-11-14T17:04:53","date_gmt":"2019-11-14T23:04:53","guid":{"rendered":"http:\/\/laultimapalabra.info\/?p=11390"},"modified":"2024-12-11T08:56:32","modified_gmt":"2024-12-11T14:56:32","slug":"adelita-la-inspiradora-de-la-cancion-no-es-un-mito","status":"publish","type":"post","link":"https:\/\/laultimapalabra.com.mx\/portal\/adelita-la-inspiradora-de-la-cancion-no-es-un-mito\/","title":{"rendered":"Adelita, la inspiradora de la canci\u00f3n, no es un mito"},"content":{"rendered":"<p style=\"text-align: justify;\">Por: Dr. Jos\u00e9 Ascensi\u00f3n Tijerina Flores<\/p>\n<div id=\"attachment_11391\" style=\"width: 310px\" class=\"wp-caption alignleft\"><img loading=\"lazy\" decoding=\"async\" aria-describedby=\"caption-attachment-11391\" class=\"size-medium wp-image-11391\" src=\"https:\/\/laultimapalabra.com.mx\/portal\/wp-content\/uploads\/2019\/11\/1-copia-300x191.jpeg\" alt=\"\" width=\"300\" height=\"191\" \/><p id=\"caption-attachment-11391\" class=\"wp-caption-text\"><br \/>La Adelita y el Coronel a la hora de su matrimonio.<\/p><\/div>\n<p style=\"text-align: justify;\">La Adelita existi\u00f3 realmente y no se trata de un mito de la Revoluci\u00f3n o de un son norte\u00f1o elevado a la categor\u00eda de canto de guerra.<br \/>\nSeg\u00fan datos de Ana Cecilia Trevi\u00f1o reportera del diario Exc\u00e9lsior dice: su nombre Adela Velarde P\u00e9rez, naci\u00f3 en Ciudad Ju\u00e1rez Chihuahua y cuando ten\u00eda 14 a\u00f1os en 1914, huy\u00f3 de su hogar dejando comodidades con el noble prop\u00f3sito de servir como enfermera en los campos revolucionarios.<br \/>\nNo viajo sola, acompa\u00f1\u00e1ndose de Do\u00f1a Leonor Villegas de Ma\u00f1\u00f3n (la entrevistada) y de otras siete muchachas, todas llenas de entusiasmo y vitalidad, ansiosas de ayudar a los que sufr\u00edan en las guerrillas.<br \/>\nLa Adelita no carg\u00f3 jam\u00e1s un \u201cmausser\u201d ni llev\u00f3 las carrilleras en el pecho, no era guerrillera, era enfermera. El uniforme que vest\u00edan las de su grupo era blanco pero muchas veces no pod\u00edan usarlo y llevaban faldas amplias y abiertas de varios colores y se dirig\u00edan montadas galopando hacia la l\u00ednea de fuego para atender a los heridos.<br \/>\nSe incorpor\u00f3 a las tropas del Coronel Breseda que se encontraba en Ciudad Ju\u00e1rez, estuvo presente en los combates de: Parras, Meoqui, Santa Rosal\u00eda, Camargo, G\u00f3mez Palacio, Torre\u00f3n, Zacatecas y otras.<br \/>\nAdelita naci\u00f3 un 8 de septiembre de 1900 en Ciudad Ju\u00e1rez Chihuahua, fue testigo a\u00fan de ni\u00f1a de las crudeces de la guerra, la entrada de Pancho Villa y de los muertos en las calles te\u00f1idas de sangre.<br \/>\nEn el Archivo de la Secretar\u00eda de la Defensa Nacional existen documentos que dan fe y constancia de que Adela Velarde P\u00e9rez fue enfermera en la Revoluci\u00f3n y de las Fuerzas Constitucionales cumpliendo sus obligaciones en contra de la usurpaci\u00f3n Huertista, milit\u00f3 en la corporaci\u00f3n que comandaba el General Carlos E. Mart\u00ednez.<br \/>\nD\u00edas antes de la toma de Torre\u00f3n por Pancho Villa en noviembre de 1914, un sargento de Guadalupe Zacatecas de nombre Antonio del Rio Armenta que trabajaba como camillero auxiliar de la Cruz Blanca, se hab\u00eda enamorado de aquella joven bella y graciosa.<br \/>\n\u00c9ste Antonio ser\u00eda el compositor de la popular canci\u00f3n que a menudo le tocaba con un organillo de boca y le demostraba su amor que nunca le declar\u00f3, pues en una comisi\u00f3n dentro de un fuerte tiroteo qued\u00f3 hecho una \u201ccriba\u201d por las balas.<br \/>\nEl Coronel Alfredo Villegas es efectivamente el que aparece en la canci\u00f3n cuando \u00e9ste enviuda en 1962, enamorado tambi\u00e9n de Adelita, se da a la tarea de buscarla, siendo Melchor C\u00e1rdenas quien fuera Jefe de la Polic\u00eda Judicial de M\u00e9xico quien la encontrara por una atenta petici\u00f3n del Coronel Villegas.<br \/>\nEl Coronel la pide en matrimonio y se casa con Adela a quien hab\u00eda conocido de 14 a\u00f1os teniendo \u00e9l 24 y enamorado desde entonces logra convencerla para pasar el resto de sus vidas juntos.<br \/>\nLa ciudad de Del Rio Texas fue el lugar donde vivieron muy felices como un matrimonio admirado y respetado por mucha gente conocedora de sus historias.<br \/>\nEl Coronel muri\u00f3 y Adelita lo seguir\u00eda un 4 de septiembre de 1971 cuatro d\u00edas antes de cumplir 71 a\u00f1os de edad.<br \/>\nEn el cementerio de San Felipe de Del Rio Texas se encuentran tres tumbas que con sus fr\u00edas letras nos dicen: Coronel Alfredo Villegas: 1890-1969, en el otro extremo: Griselda C\u00e1rdenas (su primer esposa) 1898-1962 y despu\u00e9s de un pino alto, una peque\u00f1a loza con letras sencillas dice: La Adelita 9-8-1900, 9-4-1971.<br \/>\nAh\u00ed se encuentra la m\u00e1s famosa mujer de M\u00e9xico en el completo olvido con la humildad que vivi\u00f3 con una rid\u00edcula pensi\u00f3n de 650 pesos mensuales por servicios prestados a la Naci\u00f3n y que nos sigue haciendo recordar aquel hermoso verso de su canci\u00f3n: \u201cY si acaso yo muero en campa\u00f1a y mi cad\u00e1ver lo van a sepultar Adelita por Dios te lo ruego que con tus ojos me vayas a llorar\u201d.<br \/>\nGracias<\/p>\n<p style=\"text-align: justify;\">\n","protected":false},"excerpt":{"rendered":"<p>Por: Dr. Jos\u00e9 Ascensi\u00f3n Tijerina Flores La Adelita existi\u00f3 realmente y no se trata de un mito de la Revoluci\u00f3n o de un son norte\u00f1o elevado a la categor\u00eda de canto de guerra. Seg\u00fan datos de Ana Cecilia Trevi\u00f1o reportera del diario Exc\u00e9lsior dice: su nombre Adela Velarde P\u00e9rez, naci\u00f3 en Ciudad Ju\u00e1rez Chihuahua y [&hellip;]<\/p>\n","protected":false},"author":9,"featured_media":11391,"comment_status":"open","ping_status":"closed","sticky":false,"template":"","format":"standard","meta":{"footnotes":""},"categories":[1],"tags":[879],"class_list":["post-11390","post","type-post","status-publish","format-standard","has-post-thumbnail","hentry","category-noticias","tag-dr-jose-ascencion-tijerina-flores"],"_links":{"self":[{"href":"https:\/\/laultimapalabra.com.mx\/portal\/wp-json\/wp\/v2\/posts\/11390","targetHints":{"allow":["GET"]}}],"collection":[{"href":"https:\/\/laultimapalabra.com.mx\/portal\/wp-json\/wp\/v2\/posts"}],"about":[{"href":"https:\/\/laultimapalabra.com.mx\/portal\/wp-json\/wp\/v2\/types\/post"}],"author":[{"embeddable":true,"href":"https:\/\/laultimapalabra.com.mx\/portal\/wp-json\/wp\/v2\/users\/9"}],"replies":[{"embeddable":true,"href":"https:\/\/laultimapalabra.com.mx\/portal\/wp-json\/wp\/v2\/comments?post=11390"}],"version-history":[{"count":1,"href":"https:\/\/laultimapalabra.com.mx\/portal\/wp-json\/wp\/v2\/posts\/11390\/revisions"}],"predecessor-version":[{"id":68999,"href":"https:\/\/laultimapalabra.com.mx\/portal\/wp-json\/wp\/v2\/posts\/11390\/revisions\/68999"}],"wp:featuredmedia":[{"embeddable":true,"href":"https:\/\/laultimapalabra.com.mx\/portal\/wp-json\/"}],"wp:attachment":[{"href":"https:\/\/laultimapalabra.com.mx\/portal\/wp-json\/wp\/v2\/media?parent=11390"}],"wp:term":[{"taxonomy":"category","embeddable":true,"href":"https:\/\/laultimapalabra.com.mx\/portal\/wp-json\/wp\/v2\/categories?post=11390"},{"taxonomy":"post_tag","embeddable":true,"href":"https:\/\/laultimapalabra.com.mx\/portal\/wp-json\/wp\/v2\/tags?post=11390"}],"curies":[{"name":"wp","href":"https:\/\/api.w.org\/{rel}","templated":true}]}}