                       {"id":11406,"date":"2019-11-14T18:28:53","date_gmt":"2019-11-15T00:28:53","guid":{"rendered":"http:\/\/laultimapalabra.info\/?p=11406"},"modified":"2024-12-11T08:56:32","modified_gmt":"2024-12-11T14:56:32","slug":"reciben-pc-y-bomberos-de-juarez-capacitacion","status":"publish","type":"post","link":"https:\/\/laultimapalabra.com.mx\/portal\/reciben-pc-y-bomberos-de-juarez-capacitacion\/","title":{"rendered":"Reciben PC y Bomberos de Ju\u00e1rez capacitaci\u00f3n"},"content":{"rendered":"<p style=\"text-align: justify;\"><img loading=\"lazy\" decoding=\"async\" class=\"size-medium wp-image-11407 alignleft\" src=\"https:\/\/laultimapalabra.com.mx\/portal\/wp-content\/uploads\/2019\/11\/WhatsApp-Image-2019-11-14-at-3.20.50-PM-225x300.jpeg\" alt=\"\" width=\"225\" height=\"300\" \/> <img loading=\"lazy\" decoding=\"async\" class=\"alignnone size-medium wp-image-11408\" src=\"https:\/\/laultimapalabra.com.mx\/portal\/wp-content\/uploads\/2019\/11\/WhatsApp-Image-2019-11-14-at-3.20.47-PM-300x169.jpeg\" alt=\"\" width=\"300\" height=\"169\" \/>Ju\u00e1rez, N. L.- Fue en la Sub Estaci\u00f3n de Bomberos y Protecci\u00f3n Civil Municipal de la colonia Villas de San Francisco donde los elementos de esta corporaci\u00f3n recibieron de su director, Francisco Moyar, una capacitaci\u00f3n de RCP con la finalidad de estar actualizados y poder proporcionar a los juarenses una mayor seguridad en su atenci\u00f3n durante las contingencias que se lleguen a presentar.<\/p>\n","protected":false},"excerpt":{"rendered":"<p>Ju\u00e1rez, N. L.- Fue en la Sub Estaci\u00f3n de Bomberos y Protecci\u00f3n Civil Municipal de la colonia Villas de San Francisco donde los elementos de esta corporaci\u00f3n recibieron de su director, Francisco Moyar, una capacitaci\u00f3n de RCP con la finalidad de estar actualizados y poder proporcionar a los juarenses una mayor seguridad en su atenci\u00f3n [&hellip;]<\/p>\n","protected":false},"author":9,"featured_media":11409,"comment_status":"open","ping_status":"closed","sticky":false,"template":"","format":"standard","meta":{"footnotes":""},"categories":[18,8,10],"tags":[446,1103],"class_list":["post-11406","post","type-post","status-publish","format-standard","has-post-thumbnail","hentry","category-locales-juarez","category-seguridad","category-seguridad-juarez","tag-capacitacion-bomberos-juarez","tag-francisco-moyar-martinez-pc-juarez"],"_links":{"self":[{"href":"https:\/\/laultimapalabra.com.mx\/portal\/wp-json\/wp\/v2\/posts\/11406","targetHints":{"allow":["GET"]}}],"collection":[{"href":"https:\/\/laultimapalabra.com.mx\/portal\/wp-json\/wp\/v2\/posts"}],"about":[{"href":"https:\/\/laultimapalabra.com.mx\/portal\/wp-json\/wp\/v2\/types\/post"}],"author":[{"embeddable":true,"href":"https:\/\/laultimapalabra.com.mx\/portal\/wp-json\/wp\/v2\/users\/9"}],"replies":[{"embeddable":true,"href":"https:\/\/laultimapalabra.com.mx\/portal\/wp-json\/wp\/v2\/comments?post=11406"}],"version-history":[{"count":1,"href":"https:\/\/laultimapalabra.com.mx\/portal\/wp-json\/wp\/v2\/posts\/11406\/revisions"}],"predecessor-version":[{"id":69007,"href":"https:\/\/laultimapalabra.com.mx\/portal\/wp-json\/wp\/v2\/posts\/11406\/revisions\/69007"}],"wp:featuredmedia":[{"embeddable":true,"href":"https:\/\/laultimapalabra.com.mx\/portal\/wp-json\/"}],"wp:attachment":[{"href":"https:\/\/laultimapalabra.com.mx\/portal\/wp-json\/wp\/v2\/media?parent=11406"}],"wp:term":[{"taxonomy":"category","embeddable":true,"href":"https:\/\/laultimapalabra.com.mx\/portal\/wp-json\/wp\/v2\/categories?post=11406"},{"taxonomy":"post_tag","embeddable":true,"href":"https:\/\/laultimapalabra.com.mx\/portal\/wp-json\/wp\/v2\/tags?post=11406"}],"curies":[{"name":"wp","href":"https:\/\/api.w.org\/{rel}","templated":true}]}}