                       {"id":114220,"date":"2026-03-10T15:35:24","date_gmt":"2026-03-10T21:35:24","guid":{"rendered":"https:\/\/laultimapalabra.com.mx\/portal\/?p=114220"},"modified":"2026-03-10T15:35:24","modified_gmt":"2026-03-10T21:35:24","slug":"mujer-va-a-prision-por-ahogar-a-su-bebe-en-el-mar-en-espana","status":"publish","type":"post","link":"https:\/\/laultimapalabra.com.mx\/portal\/mujer-va-a-prision-por-ahogar-a-su-bebe-en-el-mar-en-espana\/","title":{"rendered":"Mujer va a prisi\u00f3n por ahogar a su beb\u00e9 en el mar en Espa\u00f1a"},"content":{"rendered":"<p>Un tribunal en Espa\u00f1a orden\u00f3 el ingreso en prisi\u00f3n preventiva de una mujer venezolana de 29 a\u00f1os, se\u00f1alada como presunta responsable de la muerte de su hija de apenas 20 meses, a quien habr\u00eda ahogado en el mar en la costa de las Islas Canarias. La decisi\u00f3n fue tomada por el Juzgado de Violencia contra la Infancia, luego de que se levantaran restricciones de acceso al expediente del caso que ha causado conmoci\u00f3n en la comunidad. De acuerdo con las autoridades, la mujer hab\u00eda llegado a las Islas Canarias hace aproximadamente siete meses acompa\u00f1ada de la menor. Seg\u00fan su propia declaraci\u00f3n ante el juez, la madre camin\u00f3 con la ni\u00f1a hasta el paseo mar\u00edtimo de la ciudad y posteriormente se introdujo en la zona de la costa. Durante su testimonio, relat\u00f3 que en ese momento experiment\u00f3 lo que describi\u00f3 como un impulso que la llev\u00f3 a colocar a la peque\u00f1a boca arriba en uno de los charcos que se forman en la orilla por efecto de las mareas.<br \/>\nFUENTE: INFO7<\/p>\n","protected":false},"excerpt":{"rendered":"<p>Un tribunal en Espa\u00f1a orden\u00f3 el ingreso en prisi\u00f3n preventiva de una mujer venezolana de 29 a\u00f1os, se\u00f1alada como presunta responsable de la muerte de su hija de apenas 20 meses, a quien habr\u00eda ahogado en el mar en la costa de las Islas Canarias. La decisi\u00f3n fue tomada por el Juzgado de Violencia contra [&hellip;]<\/p>\n","protected":false},"author":14,"featured_media":114193,"comment_status":"closed","ping_status":"closed","sticky":false,"template":"","format":"standard","meta":{"footnotes":""},"categories":[16],"tags":[],"class_list":["post-114220","post","type-post","status-publish","format-standard","has-post-thumbnail","hentry","category-internacional"],"_links":{"self":[{"href":"https:\/\/laultimapalabra.com.mx\/portal\/wp-json\/wp\/v2\/posts\/114220","targetHints":{"allow":["GET"]}}],"collection":[{"href":"https:\/\/laultimapalabra.com.mx\/portal\/wp-json\/wp\/v2\/posts"}],"about":[{"href":"https:\/\/laultimapalabra.com.mx\/portal\/wp-json\/wp\/v2\/types\/post"}],"author":[{"embeddable":true,"href":"https:\/\/laultimapalabra.com.mx\/portal\/wp-json\/wp\/v2\/users\/14"}],"replies":[{"embeddable":true,"href":"https:\/\/laultimapalabra.com.mx\/portal\/wp-json\/wp\/v2\/comments?post=114220"}],"version-history":[{"count":1,"href":"https:\/\/laultimapalabra.com.mx\/portal\/wp-json\/wp\/v2\/posts\/114220\/revisions"}],"predecessor-version":[{"id":114221,"href":"https:\/\/laultimapalabra.com.mx\/portal\/wp-json\/wp\/v2\/posts\/114220\/revisions\/114221"}],"wp:featuredmedia":[{"embeddable":true,"href":"https:\/\/laultimapalabra.com.mx\/portal\/wp-json\/wp\/v2\/media\/114193"}],"wp:attachment":[{"href":"https:\/\/laultimapalabra.com.mx\/portal\/wp-json\/wp\/v2\/media?parent=114220"}],"wp:term":[{"taxonomy":"category","embeddable":true,"href":"https:\/\/laultimapalabra.com.mx\/portal\/wp-json\/wp\/v2\/categories?post=114220"},{"taxonomy":"post_tag","embeddable":true,"href":"https:\/\/laultimapalabra.com.mx\/portal\/wp-json\/wp\/v2\/tags?post=114220"}],"curies":[{"name":"wp","href":"https:\/\/api.w.org\/{rel}","templated":true}]}}