                       {"id":11424,"date":"2019-11-14T19:12:48","date_gmt":"2019-11-15T01:12:48","guid":{"rendered":"http:\/\/laultimapalabra.info\/?p=11424"},"modified":"2024-12-11T08:56:33","modified_gmt":"2024-12-11T14:56:33","slug":"usted-tiene-la-ultima-palabra-87","status":"publish","type":"post","link":"https:\/\/laultimapalabra.com.mx\/portal\/usted-tiene-la-ultima-palabra-87\/","title":{"rendered":"Usted tiene&#8230; La \u00daltima Palabra"},"content":{"rendered":"<p style=\"text-align: justify;\"><strong><img loading=\"lazy\" decoding=\"async\" class=\"size-medium wp-image-390 alignleft\" src=\"https:\/\/laultimapalabra.com.mx\/portal\/wp-content\/uploads\/2018\/02\/28169846_1705449459476714_78449556_o-203x300.jpg\" alt=\"\" width=\"203\" height=\"300\" \/>Mensaje<\/strong><\/p>\n<p style=\"text-align: justify;\">Por: Ing. Jes\u00fas Herrera R\u00e1bago<\/p>\n<p style=\"text-align: justify;\">El tema de esta semana no podr\u00eda ser otro m\u00e1s que el asilo pol\u00edtico que el Gobierno Mexicano dio al expresidente de Bolivia Evo Morales. Tema controvertido que polariza las posturas al m\u00e1ximo, hay desde quienes le dan la bienvenida y est\u00e1n dispuestos a ayudarlo econ\u00f3micamente, hasta quienes se desgarran las vestiduras, y piden correrlo.<\/p>\n<p style=\"text-align: justify;\">Independientemente de las circunstancias y de quien tiene raz\u00f3n en Bolivia, lo cierto es que la acci\u00f3n realizada por el Gobierno Mexicano es legal, est\u00e1 amparada en nuestra Constituci\u00f3n y ha sido una pr\u00e1ctica com\u00fan de los gobiernos mexicanos.<\/p>\n<p style=\"text-align: justify;\">El art\u00edculo 11 de la Constituci\u00f3n es claro: \u201c<em>Toda persona tiene derecho a buscar y recibir asilo. El reconocimiento de la condici\u00f3n de refugiado y el otorgamiento de asilo pol\u00edtico, se realizar\u00e1n de conformidad con los tratados internacionales<\/em>\u201d. Adem\u00e1s de que la Ley sobre Refugiados, Protecci\u00f3n Complementaria y Asilo Pol\u00edtico, en su art\u00edculo dos precisa que \u00e9ste se otorga:\u00a0<em>\u201cPor motivos o delitos de car\u00e1cter pol\u00edtico o por aquellos delitos del fuero com\u00fan que tengan conexi\u00f3n con motivos pol\u00edticos, cuya vida, libertad o seguridad se encuentre en peligro<\/em>\u201d.<\/p>\n<p style=\"text-align: justify;\">La conclusi\u00f3n, como lo han se\u00f1alado expertos, es que jur\u00eddicamente est\u00e1 bien otorgado y plenamente justificado por la situaci\u00f3n de riesgo pol\u00edtico que viv\u00eda el exmandatario, pues fue agredida su casa y hab\u00eda claros intentos de linchamiento.<\/p>\n<p style=\"text-align: justify;\">Dado que no hay impedimento legal, entonces el Presidente ten\u00eda todas las facultades para hacerlo. Y es aqu\u00ed donde otra vez el Andr\u00e9s Manuel vuelve a mandar el mensaje que, desde la cancelaci\u00f3n del aeropuerto, manifest\u00f3: que \u00e9l toma las decisiones y no se va dejar presionar. El hecho que \u00e9l mismo haya salido a decir que fue orden expresa de \u00e9l, deja m\u00e1s que claro lo que menciono, en palabras sencillas, \u00a0aprovech\u00f3 otra oportunidad para decir: \u201cAqu\u00ed el Presidente manda\u201d.<\/p>\n<p style=\"text-align: justify;\">De manera indirecta, pol\u00edticamente le sirve para mostrar cierta distancia con el Presidente Trump, pues con el tema de la inmigraci\u00f3n dej\u00f3 la impresi\u00f3n de que fue obligado. Al dar asilo a Evo, con quien no comulga el mandatario estadounidense, manda cierto <em>mensaje<\/em> de no sometimiento total. Adem\u00e1s que sabe que no puede ser atacado por el gobierno norteamericano pues es un tema humanitario.<\/p>\n<p style=\"text-align: justify;\">Por otro lado, Andr\u00e9s Manuel queda muy bien ante la opini\u00f3n internacional pues es un tema sensible que nadie se atrever\u00e1 a condenar, adem\u00e1s, de estar apoyado en una tradici\u00f3n mexicana que nos ha ganado el respeto y la admiraci\u00f3n en el mundo entero. El haber recibido refugiados de diferentes partes del mundo, en diferente \u00e9pocas, considero nos ha ganado el cari\u00f1o en otras latitudes \u00a0que se reflejan en la manera como nos tratan a los mexicanos cuando salimos al extranjero.<\/p>\n<p style=\"text-align: justify;\">As\u00ed las cosas, la pol\u00edtica es de oportunidades, y AMLO aprovech\u00f3 a su favor la dif\u00edcil situaci\u00f3n que pasa Bolivia para seguir mandando el mensaje de un Gobierno Firme. Que nos guste o no, esa es otra cuesti\u00f3n que el pueblo de M\u00e9xico tendr\u00e1 oportunidad de manifestar en tres a\u00f1os en el proceso de revocaci\u00f3n de mandato. Ah\u00ed veremos si su manera de gobernar le funcion\u00f3.<\/p>\n<p style=\"text-align: justify;\">Esta es mi opini\u00f3n, usted tiene La \u00daltima Palabra.<\/p>\n","protected":false},"excerpt":{"rendered":"<p>Mensaje Por: Ing. Jes\u00fas Herrera R\u00e1bago El tema de esta semana no podr\u00eda ser otro m\u00e1s que el asilo pol\u00edtico que el Gobierno Mexicano dio al expresidente de Bolivia Evo Morales. Tema controvertido que polariza las posturas al m\u00e1ximo, hay desde quienes le dan la bienvenida y est\u00e1n dispuestos a ayudarlo econ\u00f3micamente, hasta quienes se [&hellip;]<\/p>\n","protected":false},"author":9,"featured_media":390,"comment_status":"open","ping_status":"closed","sticky":false,"template":"","format":"standard","meta":{"footnotes":""},"categories":[1],"tags":[1278],"class_list":["post-11424","post","type-post","status-publish","format-standard","has-post-thumbnail","hentry","category-noticias","tag-ing-jesus-herrera-rabago"],"_links":{"self":[{"href":"https:\/\/laultimapalabra.com.mx\/portal\/wp-json\/wp\/v2\/posts\/11424","targetHints":{"allow":["GET"]}}],"collection":[{"href":"https:\/\/laultimapalabra.com.mx\/portal\/wp-json\/wp\/v2\/posts"}],"about":[{"href":"https:\/\/laultimapalabra.com.mx\/portal\/wp-json\/wp\/v2\/types\/post"}],"author":[{"embeddable":true,"href":"https:\/\/laultimapalabra.com.mx\/portal\/wp-json\/wp\/v2\/users\/9"}],"replies":[{"embeddable":true,"href":"https:\/\/laultimapalabra.com.mx\/portal\/wp-json\/wp\/v2\/comments?post=11424"}],"version-history":[{"count":1,"href":"https:\/\/laultimapalabra.com.mx\/portal\/wp-json\/wp\/v2\/posts\/11424\/revisions"}],"predecessor-version":[{"id":69017,"href":"https:\/\/laultimapalabra.com.mx\/portal\/wp-json\/wp\/v2\/posts\/11424\/revisions\/69017"}],"wp:featuredmedia":[{"embeddable":true,"href":"https:\/\/laultimapalabra.com.mx\/portal\/wp-json\/"}],"wp:attachment":[{"href":"https:\/\/laultimapalabra.com.mx\/portal\/wp-json\/wp\/v2\/media?parent=11424"}],"wp:term":[{"taxonomy":"category","embeddable":true,"href":"https:\/\/laultimapalabra.com.mx\/portal\/wp-json\/wp\/v2\/categories?post=11424"},{"taxonomy":"post_tag","embeddable":true,"href":"https:\/\/laultimapalabra.com.mx\/portal\/wp-json\/wp\/v2\/tags?post=11424"}],"curies":[{"name":"wp","href":"https:\/\/api.w.org\/{rel}","templated":true}]}}