                       {"id":114301,"date":"2026-03-12T14:47:12","date_gmt":"2026-03-12T20:47:12","guid":{"rendered":"https:\/\/laultimapalabra.com.mx\/portal\/?p=114301"},"modified":"2026-03-12T14:47:12","modified_gmt":"2026-03-12T20:47:12","slug":"tiroteo-deja-al-menos-dos-heridos-en-universidad-de-virginia","status":"publish","type":"post","link":"https:\/\/laultimapalabra.com.mx\/portal\/tiroteo-deja-al-menos-dos-heridos-en-universidad-de-virginia\/","title":{"rendered":"Tiroteo deja al menos dos heridos en Universidad de Virginia"},"content":{"rendered":"<p>Al menos dos personas resultaron heridas este jueves a causa del tiroteo registrado en una Universidad en el estado de Virginia, Estados Unidos. Se indic\u00f3 que un hombre armado abri\u00f3 fuego en el edificio de su escuela de negocios, lo que dej\u00f3 a ambas personas heridas.<br \/>\nAnte esto, la universidad opt\u00f3 por cancelar las clases, adem\u00e1s de suspender todas las operaciones en su campus principal por el resto del jueves.<br \/>\nFUENTE: INFO7<\/p>\n","protected":false},"excerpt":{"rendered":"<p>Al menos dos personas resultaron heridas este jueves a causa del tiroteo registrado en una Universidad en el estado de Virginia, Estados Unidos. Se indic\u00f3 que un hombre armado abri\u00f3 fuego en el edificio de su escuela de negocios, lo que dej\u00f3 a ambas personas heridas. Ante esto, la universidad opt\u00f3 por cancelar las clases, [&hellip;]<\/p>\n","protected":false},"author":14,"featured_media":114302,"comment_status":"closed","ping_status":"closed","sticky":false,"template":"","format":"standard","meta":{"footnotes":""},"categories":[16],"tags":[],"class_list":["post-114301","post","type-post","status-publish","format-standard","has-post-thumbnail","hentry","category-internacional"],"_links":{"self":[{"href":"https:\/\/laultimapalabra.com.mx\/portal\/wp-json\/wp\/v2\/posts\/114301","targetHints":{"allow":["GET"]}}],"collection":[{"href":"https:\/\/laultimapalabra.com.mx\/portal\/wp-json\/wp\/v2\/posts"}],"about":[{"href":"https:\/\/laultimapalabra.com.mx\/portal\/wp-json\/wp\/v2\/types\/post"}],"author":[{"embeddable":true,"href":"https:\/\/laultimapalabra.com.mx\/portal\/wp-json\/wp\/v2\/users\/14"}],"replies":[{"embeddable":true,"href":"https:\/\/laultimapalabra.com.mx\/portal\/wp-json\/wp\/v2\/comments?post=114301"}],"version-history":[{"count":1,"href":"https:\/\/laultimapalabra.com.mx\/portal\/wp-json\/wp\/v2\/posts\/114301\/revisions"}],"predecessor-version":[{"id":114305,"href":"https:\/\/laultimapalabra.com.mx\/portal\/wp-json\/wp\/v2\/posts\/114301\/revisions\/114305"}],"wp:featuredmedia":[{"embeddable":true,"href":"https:\/\/laultimapalabra.com.mx\/portal\/wp-json\/wp\/v2\/media\/114302"}],"wp:attachment":[{"href":"https:\/\/laultimapalabra.com.mx\/portal\/wp-json\/wp\/v2\/media?parent=114301"}],"wp:term":[{"taxonomy":"category","embeddable":true,"href":"https:\/\/laultimapalabra.com.mx\/portal\/wp-json\/wp\/v2\/categories?post=114301"},{"taxonomy":"post_tag","embeddable":true,"href":"https:\/\/laultimapalabra.com.mx\/portal\/wp-json\/wp\/v2\/tags?post=114301"}],"curies":[{"name":"wp","href":"https:\/\/api.w.org\/{rel}","templated":true}]}}