                       {"id":114306,"date":"2026-03-12T14:47:42","date_gmt":"2026-03-12T20:47:42","guid":{"rendered":"https:\/\/laultimapalabra.com.mx\/portal\/?p=114306"},"modified":"2026-03-12T14:47:42","modified_gmt":"2026-03-12T20:47:42","slug":"ataque-armado-en-bar-de-cancun-deja-saldo-de-dos-muertos-y-dos-heridos","status":"publish","type":"post","link":"https:\/\/laultimapalabra.com.mx\/portal\/ataque-armado-en-bar-de-cancun-deja-saldo-de-dos-muertos-y-dos-heridos\/","title":{"rendered":"Ataque Armado en Bar de Canc\u00fan Deja Saldo de Dos Muertos y Dos Heridos"},"content":{"rendered":"<p>Dos muertos y dos personas gravemente heridas es el saldo de un ataque armado registrado anoche en un bar ubicado en Canc\u00fan. De acuerdo con los primeros reportes, hombres armados ingresaron al establecimiento y dispararon en repetidas ocasiones, lo que provoc\u00f3 un enfrentamiento contra otros sujetos que se encontraban dentro del bar. Tras los disparos, dos hombres quedaron sin vida en el lugar, mientras que dos personas m\u00e1s resultaron con heridas de bala. Param\u00e9dicos que arribaron al sitio brindaron atenci\u00f3n a los lesionados y los trasladaron a un hospital para su atenci\u00f3n m\u00e9dica.<br \/>\nFUENTE: N+<\/p>\n","protected":false},"excerpt":{"rendered":"<p>Dos muertos y dos personas gravemente heridas es el saldo de un ataque armado registrado anoche en un bar ubicado en Canc\u00fan. De acuerdo con los primeros reportes, hombres armados ingresaron al establecimiento y dispararon en repetidas ocasiones, lo que provoc\u00f3 un enfrentamiento contra otros sujetos que se encontraban dentro del bar. Tras los disparos, [&hellip;]<\/p>\n","protected":false},"author":14,"featured_media":114303,"comment_status":"closed","ping_status":"closed","sticky":false,"template":"","format":"standard","meta":{"footnotes":""},"categories":[19],"tags":[],"class_list":["post-114306","post","type-post","status-publish","format-standard","has-post-thumbnail","hentry","category-nacional"],"_links":{"self":[{"href":"https:\/\/laultimapalabra.com.mx\/portal\/wp-json\/wp\/v2\/posts\/114306","targetHints":{"allow":["GET"]}}],"collection":[{"href":"https:\/\/laultimapalabra.com.mx\/portal\/wp-json\/wp\/v2\/posts"}],"about":[{"href":"https:\/\/laultimapalabra.com.mx\/portal\/wp-json\/wp\/v2\/types\/post"}],"author":[{"embeddable":true,"href":"https:\/\/laultimapalabra.com.mx\/portal\/wp-json\/wp\/v2\/users\/14"}],"replies":[{"embeddable":true,"href":"https:\/\/laultimapalabra.com.mx\/portal\/wp-json\/wp\/v2\/comments?post=114306"}],"version-history":[{"count":1,"href":"https:\/\/laultimapalabra.com.mx\/portal\/wp-json\/wp\/v2\/posts\/114306\/revisions"}],"predecessor-version":[{"id":114307,"href":"https:\/\/laultimapalabra.com.mx\/portal\/wp-json\/wp\/v2\/posts\/114306\/revisions\/114307"}],"wp:featuredmedia":[{"embeddable":true,"href":"https:\/\/laultimapalabra.com.mx\/portal\/wp-json\/wp\/v2\/media\/114303"}],"wp:attachment":[{"href":"https:\/\/laultimapalabra.com.mx\/portal\/wp-json\/wp\/v2\/media?parent=114306"}],"wp:term":[{"taxonomy":"category","embeddable":true,"href":"https:\/\/laultimapalabra.com.mx\/portal\/wp-json\/wp\/v2\/categories?post=114306"},{"taxonomy":"post_tag","embeddable":true,"href":"https:\/\/laultimapalabra.com.mx\/portal\/wp-json\/wp\/v2\/tags?post=114306"}],"curies":[{"name":"wp","href":"https:\/\/api.w.org\/{rel}","templated":true}]}}