                       {"id":114310,"date":"2026-03-13T12:23:25","date_gmt":"2026-03-13T18:23:25","guid":{"rendered":"https:\/\/laultimapalabra.com.mx\/portal\/?p=114310"},"modified":"2026-03-13T12:23:25","modified_gmt":"2026-03-13T18:23:25","slug":"participa-policia-de-cadereyta-en-reunion-para-construir-la-paz","status":"publish","type":"post","link":"https:\/\/laultimapalabra.com.mx\/portal\/participa-policia-de-cadereyta-en-reunion-para-construir-la-paz\/","title":{"rendered":"Participa polic\u00eda de Cadereyta en reuni\u00f3n para construir la paz"},"content":{"rendered":"<p>Cadereyta, N.L.- Este jueves 12 de marzo, personal de la Secretar\u00eda de Seguridad P\u00fablica de Cadereyta Jim\u00e9nez, particip\u00f3 en la reuni\u00f3n presencial de la Mesa de Seguridad para la Construcci\u00f3n de la Paz, llevada a cabo en el municipio de Allende, Nuevo Le\u00f3n.<\/p>\n<p><img loading=\"lazy\" decoding=\"async\" class=\"alignnone size-medium wp-image-114317\" src=\"https:\/\/laultimapalabra.com.mx\/portal\/wp-content\/uploads\/2026\/03\/WhatsApp-Image-2026-03-13-at-11.06.15-AM-300x225.jpeg\" alt=\"\" width=\"300\" height=\"225\" srcset=\"https:\/\/laultimapalabra.com.mx\/portal\/wp-content\/uploads\/2026\/03\/WhatsApp-Image-2026-03-13-at-11.06.15-AM-300x225.jpeg 300w, https:\/\/laultimapalabra.com.mx\/portal\/wp-content\/uploads\/2026\/03\/WhatsApp-Image-2026-03-13-at-11.06.15-AM-1024x768.jpeg 1024w, https:\/\/laultimapalabra.com.mx\/portal\/wp-content\/uploads\/2026\/03\/WhatsApp-Image-2026-03-13-at-11.06.15-AM-768x576.jpeg 768w, https:\/\/laultimapalabra.com.mx\/portal\/wp-content\/uploads\/2026\/03\/WhatsApp-Image-2026-03-13-at-11.06.15-AM-1536x1152.jpeg 1536w, https:\/\/laultimapalabra.com.mx\/portal\/wp-content\/uploads\/2026\/03\/WhatsApp-Image-2026-03-13-at-11.06.15-AM.jpeg 1600w\" sizes=\"auto, (max-width: 300px) 100vw, 300px\" \/> <img loading=\"lazy\" decoding=\"async\" class=\"alignnone size-medium wp-image-114316\" src=\"https:\/\/laultimapalabra.com.mx\/portal\/wp-content\/uploads\/2026\/03\/WhatsApp-Image-2026-03-13-at-11.06.16-AM-300x151.jpeg\" alt=\"\" width=\"300\" height=\"151\" srcset=\"https:\/\/laultimapalabra.com.mx\/portal\/wp-content\/uploads\/2026\/03\/WhatsApp-Image-2026-03-13-at-11.06.16-AM-300x151.jpeg 300w, https:\/\/laultimapalabra.com.mx\/portal\/wp-content\/uploads\/2026\/03\/WhatsApp-Image-2026-03-13-at-11.06.16-AM-1024x514.jpeg 1024w, https:\/\/laultimapalabra.com.mx\/portal\/wp-content\/uploads\/2026\/03\/WhatsApp-Image-2026-03-13-at-11.06.16-AM-768x386.jpeg 768w, https:\/\/laultimapalabra.com.mx\/portal\/wp-content\/uploads\/2026\/03\/WhatsApp-Image-2026-03-13-at-11.06.16-AM.jpeg 1280w\" sizes=\"auto, (max-width: 300px) 100vw, 300px\" \/> <img loading=\"lazy\" decoding=\"async\" class=\"alignnone size-medium wp-image-114315\" src=\"https:\/\/laultimapalabra.com.mx\/portal\/wp-content\/uploads\/2026\/03\/WhatsApp-Image-2026-03-13-at-11.06.16-AM-1-300x139.jpeg\" alt=\"\" width=\"300\" height=\"139\" srcset=\"https:\/\/laultimapalabra.com.mx\/portal\/wp-content\/uploads\/2026\/03\/WhatsApp-Image-2026-03-13-at-11.06.16-AM-1-300x139.jpeg 300w, https:\/\/laultimapalabra.com.mx\/portal\/wp-content\/uploads\/2026\/03\/WhatsApp-Image-2026-03-13-at-11.06.16-AM-1-1024x473.jpeg 1024w, https:\/\/laultimapalabra.com.mx\/portal\/wp-content\/uploads\/2026\/03\/WhatsApp-Image-2026-03-13-at-11.06.16-AM-1-768x355.jpeg 768w, https:\/\/laultimapalabra.com.mx\/portal\/wp-content\/uploads\/2026\/03\/WhatsApp-Image-2026-03-13-at-11.06.16-AM-1.jpeg 1280w\" sizes=\"auto, (max-width: 300px) 100vw, 300px\" \/><br \/>\nAutoridades de seguridad de los municipios de Allende, Santiago, Montemorelos y Cadereyta Jim\u00e9nez, as\u00ed como representantes de instancias estatales y federales, se reunieron para fortalecer la coordinaci\u00f3n interinstitucional y el intercambio de informaci\u00f3n en materia de seguridad. Durante la mesa de trabajo se abordaron temas relacionados con las incidencias registradas en la regi\u00f3n, as\u00ed como la planeaci\u00f3n de los operativos de seguridad que se implementar\u00e1n durante el pr\u00f3ximo periodo vacacional de Semana Santa.<br \/>\nLa coordinaci\u00f3n entre corporaciones fortalece la seguridad de las comunidades.<\/p>\n","protected":false},"excerpt":{"rendered":"<p>Cadereyta, N.L.- Este jueves 12 de marzo, personal de la Secretar\u00eda de Seguridad P\u00fablica de Cadereyta Jim\u00e9nez, particip\u00f3 en la reuni\u00f3n presencial de la Mesa de Seguridad para la Construcci\u00f3n de la Paz, llevada a cabo en el municipio de Allende, Nuevo Le\u00f3n. Autoridades de seguridad de los municipios de Allende, Santiago, Montemorelos y Cadereyta [&hellip;]<\/p>\n","protected":false},"author":14,"featured_media":114317,"comment_status":"closed","ping_status":"closed","sticky":false,"template":"","format":"standard","meta":{"footnotes":""},"categories":[17],"tags":[],"class_list":["post-114310","post","type-post","status-publish","format-standard","has-post-thumbnail","hentry","category-locales-cadereyta"],"_links":{"self":[{"href":"https:\/\/laultimapalabra.com.mx\/portal\/wp-json\/wp\/v2\/posts\/114310","targetHints":{"allow":["GET"]}}],"collection":[{"href":"https:\/\/laultimapalabra.com.mx\/portal\/wp-json\/wp\/v2\/posts"}],"about":[{"href":"https:\/\/laultimapalabra.com.mx\/portal\/wp-json\/wp\/v2\/types\/post"}],"author":[{"embeddable":true,"href":"https:\/\/laultimapalabra.com.mx\/portal\/wp-json\/wp\/v2\/users\/14"}],"replies":[{"embeddable":true,"href":"https:\/\/laultimapalabra.com.mx\/portal\/wp-json\/wp\/v2\/comments?post=114310"}],"version-history":[{"count":1,"href":"https:\/\/laultimapalabra.com.mx\/portal\/wp-json\/wp\/v2\/posts\/114310\/revisions"}],"predecessor-version":[{"id":114318,"href":"https:\/\/laultimapalabra.com.mx\/portal\/wp-json\/wp\/v2\/posts\/114310\/revisions\/114318"}],"wp:featuredmedia":[{"embeddable":true,"href":"https:\/\/laultimapalabra.com.mx\/portal\/wp-json\/wp\/v2\/media\/114317"}],"wp:attachment":[{"href":"https:\/\/laultimapalabra.com.mx\/portal\/wp-json\/wp\/v2\/media?parent=114310"}],"wp:term":[{"taxonomy":"category","embeddable":true,"href":"https:\/\/laultimapalabra.com.mx\/portal\/wp-json\/wp\/v2\/categories?post=114310"},{"taxonomy":"post_tag","embeddable":true,"href":"https:\/\/laultimapalabra.com.mx\/portal\/wp-json\/wp\/v2\/tags?post=114310"}],"curies":[{"name":"wp","href":"https:\/\/api.w.org\/{rel}","templated":true}]}}