                       {"id":114368,"date":"2026-03-15T18:48:14","date_gmt":"2026-03-16T00:48:14","guid":{"rendered":"https:\/\/laultimapalabra.com.mx\/portal\/?p=114368"},"modified":"2026-03-17T09:48:46","modified_gmt":"2026-03-17T15:48:46","slug":"buscan-a-juana-mireles-en-arboledas-de-los-naranjos","status":"publish","type":"post","link":"https:\/\/laultimapalabra.com.mx\/portal\/buscan-a-juana-mireles-en-arboledas-de-los-naranjos\/","title":{"rendered":"Buscan a Juana Mireles en Arboledas de los Naranjos"},"content":{"rendered":"<p>&nbsp;<\/p>\n<p>Ju\u00e1rez, N.L. &#8211; Una familia busca a la se\u00f1ora Juana Mireles de la colonia Arboledas de los Naranjos quien desapareci\u00f3 de su domicilio ubicado en la calle Lomas de Arabia en la colonia ya mencionada del municipio de Ju\u00e1rez.<\/p>\n<p>Familiares mencionan que fue vista por \u00faltima vez a las tres de la tarde desconociendo a su rumbo por lo que iniciaron su busque por medios propios.<\/p>\n<p>San Juana padece de p\u00e9rdida de memoria por lo que piden ayuda de la comunidad para poder encontrarla, quien tenga informaci\u00f3n puede mandar mensaje a nuestra p\u00e1gina La \u00daltima Palabra.<\/p>\n","protected":false},"excerpt":{"rendered":"<p>&nbsp; Ju\u00e1rez, N.L. &#8211; Una familia busca a la se\u00f1ora Juana Mireles de la colonia Arboledas de los Naranjos quien desapareci\u00f3 de su domicilio ubicado en la calle Lomas de Arabia en la colonia ya mencionada del municipio de Ju\u00e1rez. Familiares mencionan que fue vista por \u00faltima vez a las tres de la tarde desconociendo [&hellip;]<\/p>\n","protected":false},"author":14,"featured_media":114358,"comment_status":"closed","ping_status":"closed","sticky":false,"template":"","format":"standard","meta":{"footnotes":""},"categories":[4272],"tags":[],"class_list":["post-114368","post","type-post","status-publish","format-standard","has-post-thumbnail","hentry","category-reportes-de-busqueda"],"_links":{"self":[{"href":"https:\/\/laultimapalabra.com.mx\/portal\/wp-json\/wp\/v2\/posts\/114368","targetHints":{"allow":["GET"]}}],"collection":[{"href":"https:\/\/laultimapalabra.com.mx\/portal\/wp-json\/wp\/v2\/posts"}],"about":[{"href":"https:\/\/laultimapalabra.com.mx\/portal\/wp-json\/wp\/v2\/types\/post"}],"author":[{"embeddable":true,"href":"https:\/\/laultimapalabra.com.mx\/portal\/wp-json\/wp\/v2\/users\/14"}],"replies":[{"embeddable":true,"href":"https:\/\/laultimapalabra.com.mx\/portal\/wp-json\/wp\/v2\/comments?post=114368"}],"version-history":[{"count":1,"href":"https:\/\/laultimapalabra.com.mx\/portal\/wp-json\/wp\/v2\/posts\/114368\/revisions"}],"predecessor-version":[{"id":114369,"href":"https:\/\/laultimapalabra.com.mx\/portal\/wp-json\/wp\/v2\/posts\/114368\/revisions\/114369"}],"wp:featuredmedia":[{"embeddable":true,"href":"https:\/\/laultimapalabra.com.mx\/portal\/wp-json\/wp\/v2\/media\/114358"}],"wp:attachment":[{"href":"https:\/\/laultimapalabra.com.mx\/portal\/wp-json\/wp\/v2\/media?parent=114368"}],"wp:term":[{"taxonomy":"category","embeddable":true,"href":"https:\/\/laultimapalabra.com.mx\/portal\/wp-json\/wp\/v2\/categories?post=114368"},{"taxonomy":"post_tag","embeddable":true,"href":"https:\/\/laultimapalabra.com.mx\/portal\/wp-json\/wp\/v2\/tags?post=114368"}],"curies":[{"name":"wp","href":"https:\/\/api.w.org\/{rel}","templated":true}]}}