                       {"id":114379,"date":"2026-03-16T13:52:46","date_gmt":"2026-03-16T19:52:46","guid":{"rendered":"https:\/\/laultimapalabra.com.mx\/portal\/?p=114379"},"modified":"2026-03-17T09:53:20","modified_gmt":"2026-03-17T15:53:20","slug":"detienen-a-mujer-por-posesion-de-drog4s-en-el-centro-de-cadereyta","status":"publish","type":"post","link":"https:\/\/laultimapalabra.com.mx\/portal\/detienen-a-mujer-por-posesion-de-drog4s-en-el-centro-de-cadereyta\/","title":{"rendered":"Detienen a mujer por posesi\u00f3n de drog4s en el centro de Cadereyta"},"content":{"rendered":"<p>&nbsp;<\/p>\n<p>Cadereyta N.L.- Este fin de semana una mujer fue detenida en el centro de Cadereyta, identificada como Karla &#8220;La Pelona&#8221;, de 25 a\u00f1os de edad. La detuvieron por actitud sospechosa y durante la revisi\u00f3n le encontraron diez bolsitas con presunto crist4l. Tiene antecedentes de detenci\u00f3n en Los Ramones y fue puesta a disposici\u00f3n del Ministerio P\u00fablico para que responda por el delito de posesi\u00f3n de drogas.<\/p>\n","protected":false},"excerpt":{"rendered":"<p>&nbsp; Cadereyta N.L.- Este fin de semana una mujer fue detenida en el centro de Cadereyta, identificada como Karla &#8220;La Pelona&#8221;, de 25 a\u00f1os de edad. La detuvieron por actitud sospechosa y durante la revisi\u00f3n le encontraron diez bolsitas con presunto crist4l. Tiene antecedentes de detenci\u00f3n en Los Ramones y fue puesta a disposici\u00f3n del [&hellip;]<\/p>\n","protected":false},"author":14,"featured_media":114363,"comment_status":"closed","ping_status":"closed","sticky":false,"template":"","format":"standard","meta":{"footnotes":""},"categories":[9],"tags":[],"class_list":["post-114379","post","type-post","status-publish","format-standard","has-post-thumbnail","hentry","category-seguridad-cadereyta"],"_links":{"self":[{"href":"https:\/\/laultimapalabra.com.mx\/portal\/wp-json\/wp\/v2\/posts\/114379","targetHints":{"allow":["GET"]}}],"collection":[{"href":"https:\/\/laultimapalabra.com.mx\/portal\/wp-json\/wp\/v2\/posts"}],"about":[{"href":"https:\/\/laultimapalabra.com.mx\/portal\/wp-json\/wp\/v2\/types\/post"}],"author":[{"embeddable":true,"href":"https:\/\/laultimapalabra.com.mx\/portal\/wp-json\/wp\/v2\/users\/14"}],"replies":[{"embeddable":true,"href":"https:\/\/laultimapalabra.com.mx\/portal\/wp-json\/wp\/v2\/comments?post=114379"}],"version-history":[{"count":1,"href":"https:\/\/laultimapalabra.com.mx\/portal\/wp-json\/wp\/v2\/posts\/114379\/revisions"}],"predecessor-version":[{"id":114380,"href":"https:\/\/laultimapalabra.com.mx\/portal\/wp-json\/wp\/v2\/posts\/114379\/revisions\/114380"}],"wp:featuredmedia":[{"embeddable":true,"href":"https:\/\/laultimapalabra.com.mx\/portal\/wp-json\/wp\/v2\/media\/114363"}],"wp:attachment":[{"href":"https:\/\/laultimapalabra.com.mx\/portal\/wp-json\/wp\/v2\/media?parent=114379"}],"wp:term":[{"taxonomy":"category","embeddable":true,"href":"https:\/\/laultimapalabra.com.mx\/portal\/wp-json\/wp\/v2\/categories?post=114379"},{"taxonomy":"post_tag","embeddable":true,"href":"https:\/\/laultimapalabra.com.mx\/portal\/wp-json\/wp\/v2\/tags?post=114379"}],"curies":[{"name":"wp","href":"https:\/\/api.w.org\/{rel}","templated":true}]}}