                       {"id":11463,"date":"2019-11-18T16:09:40","date_gmt":"2019-11-18T22:09:40","guid":{"rendered":"http:\/\/laultimapalabra.info\/?p=11463"},"modified":"2024-12-11T08:56:33","modified_gmt":"2024-12-11T14:56:33","slug":"marchan-miles-de-priistas","status":"publish","type":"post","link":"https:\/\/laultimapalabra.com.mx\/portal\/marchan-miles-de-priistas\/","title":{"rendered":"Marchan miles de priistas"},"content":{"rendered":"<p style=\"text-align: justify;\">Calculan 10,000 personas en Marcha de la Unidad del tricolor el s\u00e1bado 17 de noviembre<\/p>\n<p style=\"text-align: justify;\"><img loading=\"lazy\" decoding=\"async\" class=\"size-medium wp-image-11464 alignright\" src=\"https:\/\/laultimapalabra.com.mx\/portal\/wp-content\/uploads\/2019\/11\/WhatsApp-Image-2019-11-18-at-9.18.03-AM-300x169.jpeg\" alt=\"\" width=\"300\" height=\"169\" \/>Miguel Oscar P\u00e9rez<br \/>\nCD. BENITO JU\u00c1REZ, N.L.-<br \/>\nEn un ambiente de fiesta, y como en sus mejores tiempos, este s\u00e1bado 16 de noviembre, los priistas de Ju\u00e1rez salieron a la calle en la Caminata de la Unidad, por las calles del centro del municipio.<br \/>\nA las 10:00 de la ma\u00f1ana, iniciaron la caminata saliendo desde frente el Deportivo Bancario, mientras que se les un un\u00eda un grupo de algunos 2,000 comerciantes de esta ciudad, para formar un contingente de entre 8,000 a 10,000 priistas, seg\u00fan cifras de los organizadores.<br \/>\nDe la lateral de Arturo B de la Garza, la muchedumbre tom\u00f3 por L\u00e1zaro Garza Ayala hasta Emilio Carranza, para despu\u00e9s tomar Benito Ju\u00e1rez hasta la plaza principal, que luci\u00f3 abarrotada.<br \/>\nEn un templete instalado en el cruce de Zaragoza y Benito Ju\u00e1rez, dirigieron sus discursos el presidente estatal del PRI, Pedro Pablo Trevi\u00f1o y Heriberto Trevi\u00f1o Cant\u00fa, alcalde de esta ciudad.<br \/>\nTambi\u00e9n se encontraban presentes el dirigente de la CNOP estatal, Carlos Barona y Paco Trevi\u00f1o, l\u00edder municipal de la CNOP de Ju\u00e1rez; Alberto Serna dirigente estatal de la FROC; Esa\u00fa Gonz\u00e1lez Arias, dirigente estatal de la CNC, diputados y representantes de otras organizaciones.<br \/>\nEl l\u00edder estatal del PRI conmin\u00f3 a la unidad y en un breve reclamo al ahora partido en el poder a nivel nacional, asegur\u00f3 que el PRI de nuevo ganar\u00eda la gubernatura de Nuevo Le\u00f3n, en el 2021.<br \/>\nPor su parte el alcalde juarense y primer priista del municipio dijo: \u201cA partir de hoy, a\u00f1o, con a\u00f1o, se establecer\u00e1 esta fiesta priista para todos y cada uno de nosotros\u201d.<br \/>\nDestac\u00f3 el trabajo de cada una de las seccionales, jefas de manzana y dem\u00e1s gestoras que trabajan por la gente de Ju\u00e1rez, y fomentando la unidad del partido.<br \/>\nDespu\u00e9s del mediod\u00eda toc\u00f3 el turno a una agrupaci\u00f3n musical, mientras los presentes se tomaban las fotos con muchos de los asistentes.<\/p>\n","protected":false},"excerpt":{"rendered":"<p>Calculan 10,000 personas en Marcha de la Unidad del tricolor el s\u00e1bado 17 de noviembre Miguel Oscar P\u00e9rez CD. BENITO JU\u00c1REZ, N.L.- En un ambiente de fiesta, y como en sus mejores tiempos, este s\u00e1bado 16 de noviembre, los priistas de Ju\u00e1rez salieron a la calle en la Caminata de la Unidad, por las calles [&hellip;]<\/p>\n","protected":false},"author":9,"featured_media":11465,"comment_status":"open","ping_status":"closed","sticky":false,"template":"","format":"standard","meta":{"footnotes":""},"categories":[18],"tags":[592,1188,1685,1757,1853,1854],"class_list":["post-11463","post","type-post","status-publish","format-standard","has-post-thumbnail","hentry","category-locales-juarez","tag-cnop-juarez","tag-heriberto-trevino-cantu","tag-paco-trevino-cnop-juarez","tag-pedro-pablo-trevino","tag-pri-estatal","tag-pri-juarez"],"_links":{"self":[{"href":"https:\/\/laultimapalabra.com.mx\/portal\/wp-json\/wp\/v2\/posts\/11463","targetHints":{"allow":["GET"]}}],"collection":[{"href":"https:\/\/laultimapalabra.com.mx\/portal\/wp-json\/wp\/v2\/posts"}],"about":[{"href":"https:\/\/laultimapalabra.com.mx\/portal\/wp-json\/wp\/v2\/types\/post"}],"author":[{"embeddable":true,"href":"https:\/\/laultimapalabra.com.mx\/portal\/wp-json\/wp\/v2\/users\/9"}],"replies":[{"embeddable":true,"href":"https:\/\/laultimapalabra.com.mx\/portal\/wp-json\/wp\/v2\/comments?post=11463"}],"version-history":[{"count":1,"href":"https:\/\/laultimapalabra.com.mx\/portal\/wp-json\/wp\/v2\/posts\/11463\/revisions"}],"predecessor-version":[{"id":69035,"href":"https:\/\/laultimapalabra.com.mx\/portal\/wp-json\/wp\/v2\/posts\/11463\/revisions\/69035"}],"wp:featuredmedia":[{"embeddable":true,"href":"https:\/\/laultimapalabra.com.mx\/portal\/wp-json\/"}],"wp:attachment":[{"href":"https:\/\/laultimapalabra.com.mx\/portal\/wp-json\/wp\/v2\/media?parent=11463"}],"wp:term":[{"taxonomy":"category","embeddable":true,"href":"https:\/\/laultimapalabra.com.mx\/portal\/wp-json\/wp\/v2\/categories?post=11463"},{"taxonomy":"post_tag","embeddable":true,"href":"https:\/\/laultimapalabra.com.mx\/portal\/wp-json\/wp\/v2\/tags?post=11463"}],"curies":[{"name":"wp","href":"https:\/\/api.w.org\/{rel}","templated":true}]}}